{"id":20075,"date":"2025-12-15T09:03:49","date_gmt":"2025-12-15T08:03:49","guid":{"rendered":"https:\/\/elcafedepipa.com\/?p=20075"},"modified":"2025-12-15T09:03:50","modified_gmt":"2025-12-15T08:03:50","slug":"la-sant-silvestre-vallera-tornara-a-omplir-els-carrers-el-31-de-desembre-amb-un-recorregut-adaptat-per-les-obres","status":"publish","type":"post","link":"https:\/\/elcafedepipa.com\/index.php\/2025\/12\/15\/la-sant-silvestre-vallera-tornara-a-omplir-els-carrers-el-31-de-desembre-amb-un-recorregut-adaptat-per-les-obres\/","title":{"rendered":"La Sant Silvestre Vallera tornar\u00e0 a omplir els carrers el 31 de desembre amb un recorregut adaptat per les obres"},"content":{"rendered":"\n<p><strong>La cursa popular, coorganitzada amb el Club Mur i Castell, eixir\u00e0 i arribar\u00e0 enguany al carrer Institut i mant\u00e9 el seu car\u00e0cter familiar, festiu i solidari<\/strong><\/p>\n\n\n\n<p>L\u2019Ajuntament de la Vall d\u2019Uix\u00f3 ha presentat una nova edici\u00f3 de la&nbsp;<strong>Sant Silvestre Vallera<\/strong>, que se celebrar\u00e0 el&nbsp;<strong>31 de desembre a les 18.00 hores<\/strong>&nbsp;i que tornar\u00e0 a ser una de les cites esportives i l\u00fadiques m\u00e9s esperades per acomiadar l\u2019any. La principal novetat d\u2019enguany \u00e9s el&nbsp;<strong>canvi d\u2019ubicaci\u00f3 de l\u2019eixida i l\u2019arribada<\/strong>, que se situaran al&nbsp;<strong>carrer Institut (pla\u00e7a del Parc)<\/strong>&nbsp;a causa de les obres que s\u2019estan executant a l\u2019Ajuntament i a la pla\u00e7a del Centre.<\/p>\n\n\n\n<p>La regidora d\u2019Esports,&nbsp;<strong>Mar Arzo<\/strong>, ha explicat que \u201cel recorregut es mant\u00e9 pr\u00e0cticament igual, amb alguna xicoteta adaptaci\u00f3\u201d, amb una dist\u00e0ncia aproximada de&nbsp;<strong>2 quil\u00f2metres<\/strong>, pensada perqu\u00e8 puga participar tota la ciutadania. L\u2019itinerari discorrer\u00e0 pel&nbsp;<strong>carrer Institut, avinguda Agricultor, avinguda Cor de Jes\u00fas, carrer Joaqu\u00edn Par\u00eds fins al carrer Juan Cap\u00f3, carrer Benigafull i&nbsp;<\/strong><strong>baixada fins<\/strong><strong>&nbsp;<\/strong><strong>a&nbsp;<\/strong><strong>la pla\u00e7a del Parc<\/strong>.<\/p>\n\n\n\n<p>La cursa est\u00e0&nbsp;<strong>coorganitzada amb el Club Mur i Castell<\/strong>, una col\u00b7laboraci\u00f3 que la regidora ha volgut agrair perqu\u00e8 \u201cfa possible que esta prova m\u00edtica continue celebrant-se any rere any i s\u2019haja consolidat com una manera divertida i saludable de tancar l\u2019any\u201d.&nbsp;Al costat del president, Andr\u00e9s Rom\u00e1n,&nbsp;ha animat a participar \u201ccorrents o animant\u201d, ja que es tracta d\u2019una cursa \u201cmolt familiar, per a gaudir amb amics&nbsp;i&nbsp;amb un ambient festiu en el qual moltes persones es disfressen\u201d.<\/p>\n\n\n\n<p>Les inscripcions es poden realitzar&nbsp;<strong>fins al 30 de desembre<\/strong>&nbsp;a trav\u00e9s del web&nbsp;<a href=\"https:\/\/www.mychip.es\/e\/san-silvestre-vallera-2025\">https:\/\/www.mychip.es\/e\/san-silvestre-vallera-2025<\/a>. El&nbsp;<strong>preu \u00e9s de 3 euros<\/strong>&nbsp;i inclou l\u2019asseguran\u00e7a obligat\u00f2ria, aix\u00ed com una&nbsp;<strong>aportaci\u00f3 solid\u00e0ria destinada a una entitat social de la Vall d\u2019Uix\u00f3<\/strong>. No es podran fer inscripcions el mateix dia de la cursa, ja que l\u2019asseguran\u00e7a \u00e9s obligat\u00f2ria.<\/p>\n\n\n\n<p>Hi haur\u00e0&nbsp;<strong>premis per als tres primers classificats i les tres primeres classificades<\/strong>, aix\u00ed com per a&nbsp;<strong>la millor disfressa individual i el millor grup disfressat<\/strong>. El&nbsp;<strong>repartiment de dorsals<\/strong>&nbsp;es far\u00e0&nbsp;a la pla\u00e7a del Parc&nbsp;a partir de les&nbsp;<strong>16.45 hores<\/strong>, i es recomana acudir amb antelaci\u00f3 per a evitar aglomeracions i garantir l\u2019inici puntual de la prova. Cada participant rebr\u00e0 una&nbsp;<strong>botella d\u2019aigua i un detall commemoratiu<\/strong>.<\/p>\n\n\n\n<figure class=\"wp-block-image size-large\"><img fetchpriority=\"high\" decoding=\"async\" width=\"771\" height=\"1024\" src=\"https:\/\/elcafedepipa.com\/wp-content\/uploads\/2025\/12\/Cartell-Sant-Silvestre-771x1024.jpeg\" alt=\"\" class=\"wp-image-20076\" srcset=\"https:\/\/elcafedepipa.com\/wp-content\/uploads\/2025\/12\/Cartell-Sant-Silvestre-771x1024.jpeg 771w, https:\/\/elcafedepipa.com\/wp-content\/uploads\/2025\/12\/Cartell-Sant-Silvestre-226x300.jpeg 226w, https:\/\/elcafedepipa.com\/wp-content\/uploads\/2025\/12\/Cartell-Sant-Silvestre-768x1020.jpeg 768w, https:\/\/elcafedepipa.com\/wp-content\/uploads\/2025\/12\/Cartell-Sant-Silvestre.jpeg 1040w\" sizes=\"(max-width: 771px) 100vw, 771px\" \/><\/figure>\n","protected":false},"excerpt":{"rendered":"<p>La cursa popular, coorganitzada amb el Club Mur i Castell, eixir\u00e0 i arribar\u00e0 enguany al carrer Institut i mant\u00e9 el seu car\u00e0cter familiar, festiu i solidari L\u2019Ajuntament de la Vall d\u2019Uix\u00f3 ha presentat una nova edici\u00f3 de la&nbsp;Sant Silvestre Vallera, que se celebrar\u00e0 el&nbsp;31 de desembre a les 18.00 hores&nbsp;i que tornar\u00e0 a ser una &#8230; <a title=\"La Sant Silvestre Vallera tornar\u00e0 a omplir els carrers el 31 de desembre amb un recorregut adaptat per les obres\" class=\"read-more\" href=\"https:\/\/elcafedepipa.com\/index.php\/2025\/12\/15\/la-sant-silvestre-vallera-tornara-a-omplir-els-carrers-el-31-de-desembre-amb-un-recorregut-adaptat-per-les-obres\/\" aria-label=\"M\u00e9s informaci\u00f3 sobre La Sant Silvestre Vallera tornar\u00e0 a omplir els carrers el 31 de desembre amb un recorregut adaptat per les obres\">Read more<\/a><\/p>\n","protected":false},"author":2,"featured_media":20077,"comment_status":"closed","ping_status":"closed","sticky":false,"template":"","format":"standard","meta":{"om_disable_all_campaigns":false,"_monsterinsights_skip_tracking":false,"_monsterinsights_sitenote_active":false,"_monsterinsights_sitenote_note":"","_monsterinsights_sitenote_category":0,"_uf_show_specific_survey":0,"_uf_disable_surveys":false,"footnotes":""},"categories":[2],"tags":[],"class_list":["post-20075","post","type-post","status-publish","format-standard","has-post-thumbnail","hentry","category-lavallduixo"],"_links":{"self":[{"href":"https:\/\/elcafedepipa.com\/index.php\/wp-json\/wp\/v2\/posts\/20075","targetHints":{"allow":["GET"]}}],"collection":[{"href":"https:\/\/elcafedepipa.com\/index.php\/wp-json\/wp\/v2\/posts"}],"about":[{"href":"https:\/\/elcafedepipa.com\/index.php\/wp-json\/wp\/v2\/types\/post"}],"author":[{"embeddable":true,"href":"https:\/\/elcafedepipa.com\/index.php\/wp-json\/wp\/v2\/users\/2"}],"replies":[{"embeddable":true,"href":"https:\/\/elcafedepipa.com\/index.php\/wp-json\/wp\/v2\/comments?post=20075"}],"version-history":[{"count":1,"href":"https:\/\/elcafedepipa.com\/index.php\/wp-json\/wp\/v2\/posts\/20075\/revisions"}],"predecessor-version":[{"id":20078,"href":"https:\/\/elcafedepipa.com\/index.php\/wp-json\/wp\/v2\/posts\/20075\/revisions\/20078"}],"wp:featuredmedia":[{"embeddable":true,"href":"https:\/\/elcafedepipa.com\/index.php\/wp-json\/wp\/v2\/media\/20077"}],"wp:attachment":[{"href":"https:\/\/elcafedepipa.com\/index.php\/wp-json\/wp\/v2\/media?parent=20075"}],"wp:term":[{"taxonomy":"category","embeddable":true,"href":"https:\/\/elcafedepipa.com\/index.php\/wp-json\/wp\/v2\/categories?post=20075"},{"taxonomy":"post_tag","embeddable":true,"href":"https:\/\/elcafedepipa.com\/index.php\/wp-json\/wp\/v2\/tags?post=20075"}],"curies":[{"name":"wp","href":"https:\/\/api.w.org\/{rel}","templated":true}]}}