{"id":20027,"date":"2025-12-12T09:49:11","date_gmt":"2025-12-12T08:49:11","guid":{"rendered":"https:\/\/elcafedepipa.com\/?p=20027"},"modified":"2025-12-12T09:49:12","modified_gmt":"2025-12-12T08:49:12","slug":"detingudes-tres-persones-per-un-robatori-amb-violencia-i-intimidacio-a-xilxes","status":"publish","type":"post","link":"https:\/\/elcafedepipa.com\/index.php\/2025\/12\/12\/detingudes-tres-persones-per-un-robatori-amb-violencia-i-intimidacio-a-xilxes\/","title":{"rendered":"Detingudes tres persones per un robatori amb viol\u00e8ncia i intimidaci\u00f3 a Xilxes"},"content":{"rendered":"\n<p>La Gu\u00e0rdia Civil ha detingut tres persones \u2014un home i dues dones\u2014 com a presumptes autores d\u2019un <strong>delicte de robatori amb viol\u00e8ncia i intimidaci\u00f3<\/strong> ocorregut el passat <strong>17 de novembre<\/strong> en la localitat de <strong>Xilxes<\/strong>.<\/p>\n\n\n\n<p>La v\u00edctima havia acordat la venda d\u2019un article a trav\u00e9s d\u2019una plataforma de compravenda i es va despla\u00e7ar al punt de trobada concertat. Una vegada all\u00ed, va ser <strong>amena\u00e7ada amb una arma blanca<\/strong> per un home, mentre les dues dones que l\u2019acompanyaven tamb\u00e9 van participar en l\u2019agressi\u00f3. Durant l\u2019assalt, li van sostraure un <strong>rellotge i una cadena d\u2019or<\/strong>, i va ser atacada amb un <strong>dispositiu el\u00e8ctric<\/strong>. Fins i tot van intentar emportar-se el seu gos.<\/p>\n\n\n\n<p>A conseq\u00fc\u00e8ncia de la viol\u00e8ncia patida, la v\u00edctima va haver de ser traslladada a un <strong>centre hospitalari<\/strong>.<\/p>\n\n\n\n<p>La investigaci\u00f3 de la Gu\u00e0rdia Civil, que ha incl\u00f2s la recollida de declaracions i diverses gestions t\u00e8cniques, va permetre la <strong>identificaci\u00f3 i detenci\u00f3<\/strong> d\u2019un home i dues dones, d\u2019entre <strong>36 i 41 anys<\/strong>, com a presumptes responsables dels fets.<\/p>\n\n\n\n<p>Les dilig\u00e8ncies han sigut posades a disposici\u00f3 dels <strong>Jutjats de Nules<\/strong> en funcions de gu\u00e0rdia.<\/p>\n\n\n\n<p>L\u2019actuaci\u00f3 ha estat duta a terme per efectius del <strong>Post de la Gu\u00e0rdia Civil d\u2019Almenara<\/strong>.<\/p>\n\n\n\n<p><\/p>\n","protected":false},"excerpt":{"rendered":"<p>La Gu\u00e0rdia Civil ha detingut tres persones \u2014un home i dues dones\u2014 com a presumptes autores d\u2019un delicte de robatori amb viol\u00e8ncia i intimidaci\u00f3 ocorregut el passat 17 de novembre en la localitat de Xilxes. La v\u00edctima havia acordat la venda d\u2019un article a trav\u00e9s d\u2019una plataforma de compravenda i es va despla\u00e7ar al punt &#8230; <a title=\"Detingudes tres persones per un robatori amb viol\u00e8ncia i intimidaci\u00f3 a Xilxes\" class=\"read-more\" href=\"https:\/\/elcafedepipa.com\/index.php\/2025\/12\/12\/detingudes-tres-persones-per-un-robatori-amb-violencia-i-intimidacio-a-xilxes\/\" aria-label=\"M\u00e9s informaci\u00f3 sobre Detingudes tres persones per un robatori amb viol\u00e8ncia i intimidaci\u00f3 a Xilxes\">Read more<\/a><\/p>\n","protected":false},"author":2,"featured_media":20028,"comment_status":"closed","ping_status":"closed","sticky":false,"template":"","format":"standard","meta":{"om_disable_all_campaigns":false,"_monsterinsights_skip_tracking":false,"_monsterinsights_sitenote_active":false,"_monsterinsights_sitenote_note":"","_monsterinsights_sitenote_category":0,"_uf_show_specific_survey":0,"_uf_disable_surveys":false,"footnotes":""},"categories":[5,6],"tags":[],"class_list":["post-20027","post","type-post","status-publish","format-standard","has-post-thumbnail","hentry","category-almenara","category-xilxes"],"_links":{"self":[{"href":"https:\/\/elcafedepipa.com\/index.php\/wp-json\/wp\/v2\/posts\/20027","targetHints":{"allow":["GET"]}}],"collection":[{"href":"https:\/\/elcafedepipa.com\/index.php\/wp-json\/wp\/v2\/posts"}],"about":[{"href":"https:\/\/elcafedepipa.com\/index.php\/wp-json\/wp\/v2\/types\/post"}],"author":[{"embeddable":true,"href":"https:\/\/elcafedepipa.com\/index.php\/wp-json\/wp\/v2\/users\/2"}],"replies":[{"embeddable":true,"href":"https:\/\/elcafedepipa.com\/index.php\/wp-json\/wp\/v2\/comments?post=20027"}],"version-history":[{"count":1,"href":"https:\/\/elcafedepipa.com\/index.php\/wp-json\/wp\/v2\/posts\/20027\/revisions"}],"predecessor-version":[{"id":20029,"href":"https:\/\/elcafedepipa.com\/index.php\/wp-json\/wp\/v2\/posts\/20027\/revisions\/20029"}],"wp:featuredmedia":[{"embeddable":true,"href":"https:\/\/elcafedepipa.com\/index.php\/wp-json\/wp\/v2\/media\/20028"}],"wp:attachment":[{"href":"https:\/\/elcafedepipa.com\/index.php\/wp-json\/wp\/v2\/media?parent=20027"}],"wp:term":[{"taxonomy":"category","embeddable":true,"href":"https:\/\/elcafedepipa.com\/index.php\/wp-json\/wp\/v2\/categories?post=20027"},{"taxonomy":"post_tag","embeddable":true,"href":"https:\/\/elcafedepipa.com\/index.php\/wp-json\/wp\/v2\/tags?post=20027"}],"curies":[{"name":"wp","href":"https:\/\/api.w.org\/{rel}","templated":true}]}}