{"id":20010,"date":"2025-12-11T18:37:22","date_gmt":"2025-12-11T17:37:22","guid":{"rendered":"https:\/\/elcafedepipa.com\/?p=20010"},"modified":"2025-12-11T20:53:02","modified_gmt":"2025-12-11T19:53:02","slug":"el-professorat-es-manifesta-davant-lies-honori-garcia-per-reclamar-millores-educatives","status":"publish","type":"post","link":"https:\/\/elcafedepipa.com\/index.php\/2025\/12\/11\/el-professorat-es-manifesta-davant-lies-honori-garcia-per-reclamar-millores-educatives\/","title":{"rendered":"El professorat de la Vall d&#8217;Uix\u00f3 es manifesta per reclamar millores educatives"},"content":{"rendered":"\n<p>Este mat\u00ed, a la pla\u00e7a del parc, s\u2019ha celebrat una concentraci\u00f3 del professorat per exigir diverses millores en el sistema educatiu valenci\u00e0. La mobilitzaci\u00f3, que ha reunit docents de diferents centres de la comarca, ha tingut com a objectiu reclamar unes condicions m\u00e9s dignes tant per al professorat com per a l\u2019alumnat.<\/p>\n\n\n\n<p>Els participants han denunciat l\u2019estat de moltes infraestructures educatives i han reivindicat una inversi\u00f3 urgent per actualitzar i condicionar els centres, alguns dels quals presenten defici\u00e8ncies estructurals que dificulten el correcte desenvolupament de l\u2019activitat docent.<\/p>\n\n\n\n<p>Un altre dels punts destacats ha sigut la demanda d\u2019enfortir l\u2019\u00fas i la pres\u00e8ncia del valenci\u00e0 a les aules, considerant-lo una eina fonamental per a la cohesi\u00f3 social i la identitat del territori. Els docents han reclamat pol\u00edtiques educatives que garantisquen m\u00e9s recursos, materials i suport institucional per a la seua promoci\u00f3.<\/p>\n\n\n\n<p>A m\u00e9s, el professorat ha exigit una baixada de les r\u00e0tios per millorar l\u2019atenci\u00f3 personalitzada a l\u2019alumnat. Segons han manifestat, les classes massificades dificulten l\u2019aprenentatge i incrementen la c\u00e0rrega laboral del personal docent.<\/p>\n\n\n\n<p>Finalment, han reclamat la retirada de les retallades en els pressupostos escolars, que \u2014segons critiquen\u2014 limiten el funcionament dels centres i impedeixen oferir una educaci\u00f3 p\u00fablica de qualitat.<\/p>\n\n\n\n<p><\/p>\n\n\n\n<figure class=\"wp-block-image size-large\"><img fetchpriority=\"high\" decoding=\"async\" width=\"724\" height=\"1024\" src=\"https:\/\/elcafedepipa.com\/wp-content\/uploads\/2025\/12\/WhatsApp-Image-2025-12-11-at-20.45.04-724x1024.jpeg\" alt=\"\" class=\"wp-image-20015\" srcset=\"https:\/\/elcafedepipa.com\/wp-content\/uploads\/2025\/12\/WhatsApp-Image-2025-12-11-at-20.45.04-724x1024.jpeg 724w, https:\/\/elcafedepipa.com\/wp-content\/uploads\/2025\/12\/WhatsApp-Image-2025-12-11-at-20.45.04-212x300.jpeg 212w, https:\/\/elcafedepipa.com\/wp-content\/uploads\/2025\/12\/WhatsApp-Image-2025-12-11-at-20.45.04-768x1086.jpeg 768w, https:\/\/elcafedepipa.com\/wp-content\/uploads\/2025\/12\/WhatsApp-Image-2025-12-11-at-20.45.04-1087x1536.jpeg 1087w, https:\/\/elcafedepipa.com\/wp-content\/uploads\/2025\/12\/WhatsApp-Image-2025-12-11-at-20.45.04.jpeg 1132w\" sizes=\"(max-width: 724px) 100vw, 724px\" \/><\/figure>\n","protected":false},"excerpt":{"rendered":"<p>Este mat\u00ed, a la pla\u00e7a del parc, s\u2019ha celebrat una concentraci\u00f3 del professorat per exigir diverses millores en el sistema educatiu valenci\u00e0. La mobilitzaci\u00f3, que ha reunit docents de diferents centres de la comarca, ha tingut com a objectiu reclamar unes condicions m\u00e9s dignes tant per al professorat com per a l\u2019alumnat. Els participants han &#8230; <a title=\"El professorat de la Vall d&#8217;Uix\u00f3 es manifesta per reclamar millores educatives\" class=\"read-more\" href=\"https:\/\/elcafedepipa.com\/index.php\/2025\/12\/11\/el-professorat-es-manifesta-davant-lies-honori-garcia-per-reclamar-millores-educatives\/\" aria-label=\"M\u00e9s informaci\u00f3 sobre El professorat de la Vall d&#8217;Uix\u00f3 es manifesta per reclamar millores educatives\">Read more<\/a><\/p>\n","protected":false},"author":2,"featured_media":20011,"comment_status":"closed","ping_status":"closed","sticky":false,"template":"","format":"standard","meta":{"om_disable_all_campaigns":false,"_monsterinsights_skip_tracking":false,"_monsterinsights_sitenote_active":false,"_monsterinsights_sitenote_note":"","_monsterinsights_sitenote_category":0,"_uf_show_specific_survey":0,"_uf_disable_surveys":false,"footnotes":""},"categories":[2],"tags":[],"class_list":["post-20010","post","type-post","status-publish","format-standard","has-post-thumbnail","hentry","category-lavallduixo"],"_links":{"self":[{"href":"https:\/\/elcafedepipa.com\/index.php\/wp-json\/wp\/v2\/posts\/20010","targetHints":{"allow":["GET"]}}],"collection":[{"href":"https:\/\/elcafedepipa.com\/index.php\/wp-json\/wp\/v2\/posts"}],"about":[{"href":"https:\/\/elcafedepipa.com\/index.php\/wp-json\/wp\/v2\/types\/post"}],"author":[{"embeddable":true,"href":"https:\/\/elcafedepipa.com\/index.php\/wp-json\/wp\/v2\/users\/2"}],"replies":[{"embeddable":true,"href":"https:\/\/elcafedepipa.com\/index.php\/wp-json\/wp\/v2\/comments?post=20010"}],"version-history":[{"count":4,"href":"https:\/\/elcafedepipa.com\/index.php\/wp-json\/wp\/v2\/posts\/20010\/revisions"}],"predecessor-version":[{"id":20018,"href":"https:\/\/elcafedepipa.com\/index.php\/wp-json\/wp\/v2\/posts\/20010\/revisions\/20018"}],"wp:featuredmedia":[{"embeddable":true,"href":"https:\/\/elcafedepipa.com\/index.php\/wp-json\/wp\/v2\/media\/20011"}],"wp:attachment":[{"href":"https:\/\/elcafedepipa.com\/index.php\/wp-json\/wp\/v2\/media?parent=20010"}],"wp:term":[{"taxonomy":"category","embeddable":true,"href":"https:\/\/elcafedepipa.com\/index.php\/wp-json\/wp\/v2\/categories?post=20010"},{"taxonomy":"post_tag","embeddable":true,"href":"https:\/\/elcafedepipa.com\/index.php\/wp-json\/wp\/v2\/tags?post=20010"}],"curies":[{"name":"wp","href":"https:\/\/api.w.org\/{rel}","templated":true}]}}