{"id":19987,"date":"2025-12-11T13:43:53","date_gmt":"2025-12-11T12:43:53","guid":{"rendered":"https:\/\/elcafedepipa.com\/?p=19987"},"modified":"2025-12-11T13:43:54","modified_gmt":"2025-12-11T12:43:54","slug":"la-unio-adverteix-que-una-nova-decisio-europea-incrementara-els-costos-per-als-agricultors-valencians-i-li-fara-perdre-competitivitat-enfront-de-tercers-paisos","status":"publish","type":"post","link":"https:\/\/elcafedepipa.com\/index.php\/2025\/12\/11\/la-unio-adverteix-que-una-nova-decisio-europea-incrementara-els-costos-per-als-agricultors-valencians-i-li-fara-perdre-competitivitat-enfront-de-tercers-paisos\/","title":{"rendered":"LA UNI\u00d3 adverteix que una nova decisi\u00f3 europea incrementar\u00e0 els costos per als agricultors valencians i li far\u00e0 perdre competitivitat enfront de tercers pa\u00efsos"},"content":{"rendered":"\n<p>La Uni\u00f3 Llauradora i Ramadera adverteix que l&#8217;aplicaci\u00f3 del Mecanisme d&#8217;Ajust en Frontera per Carboni (CBAM), aprovat per la Uni\u00f3 Europea en 2023 per\u00f2 la fi de la qual del per\u00edode de transitori \u00e9s el pr\u00f2xim 31 de desembre, implica l&#8217;aplicaci\u00f3 total del Reglament, generar\u00e0 un nou increment de costos per als llauradors i una altra nova p\u00e8rdua de competitivitat enfront de tercers pa\u00efsos.<\/p>\n\n\n\n<p>LA UNI\u00d3, despr\u00e9s de realitzar una an\u00e0lisi sobre l&#8217;impacte d&#8217;aquesta mesura, assenyala que la inclusi\u00f3 dels fertilitzants entre els productes afectats pel CBAM, combinada amb l&#8217;eliminaci\u00f3 progressiva de drets d&#8217;emissi\u00f3 gratu\u00efts als fabricants europeus, incrementar\u00e0 directament el preu d&#8217;un dels inputs clau per a les explotacions valencianes.<\/p>\n\n\n\n<p>L&#8217;organitzaci\u00f3 explica que, tant els productors europeus de fertilitzants, que hauran d&#8217;assumir el cost dels seus drets d&#8217;emissi\u00f3, com els fabricants estrangers, subjectes al nou ajust en frontera, traslladaran eixe cost addicional al preu final. Aix\u00f2 significa que els llauradors europeus assumiran un increment de costos que afectar\u00e0 la seua rendibilitat i que pot derivar en una nova caiguda de la producci\u00f3 comunit\u00e0ria.<\/p>\n\n\n\n<p>LA UNI\u00d3 subratlla que, si la UE obliga el sector agrari europeu a complir objectius creixents en mat\u00e8ria ambiental i clim\u00e0tica, per\u00f2 permet que els productes agr\u00edcoles de tercers pa\u00efsos \u2014produ\u00efts amb est\u00e0ndards molt m\u00e9s laxos i majors nivells d&#8217;emissions\u2014 entren en el mercat sense una correcci\u00f3 equivalent, es genera un d\u00famping clim\u00e0tic que castiga els llauradors europeus i desincentiva la producci\u00f3 dins de la UE. \u201c\u00c9s pura hipocresia voler taxar els fertilitzants produ\u00efts en tercers pa\u00efsos, per\u00f2 no taxar els aliments que s&#8217;importen des d&#8217;eixos mateixos pa\u00efsos i que han usat eixos mateixos fertilitzants\u201d.<\/p>\n\n\n\n<p><strong>A Espanya la despesa agr\u00edcola en fertilitzants supera els 2.300 milions d&#8217;euros anuals<\/strong><\/p>\n\n\n\n<p>Aix\u00ed, l&#8217;efecte final del CBAM pot refor\u00e7ar la fugida de carboni en l&#8217;agricultura, ja que els aliments produ\u00efts a la UE suportaran costos m\u00e9s alts que els seus competidors internacionals. La pr\u00f2pia Comissi\u00f3 d&#8217;Agricultura del Parlament Europeu (COMAGRI) va advertir ja d&#8217;aquest risc.<\/p>\n\n\n\n<p>En aquest sentit, LA UNI\u00d3 ja va reclamar la necessitat de l&#8217;ampliaci\u00f3 del CBAM als productes agr\u00edcoles i agroalimentaris i que s&#8217;habiliten mesures de suport espec\u00edfiques per als llauradors.<\/p>\n\n\n\n<p>Les dades del sector reforcen la preocupaci\u00f3. Nom\u00e9s a Espanya, la despesa agr\u00edcola en fertilitzants supera els 2.300 milions d&#8217;euros anuals, representant entorn del 7,5% dels consums intermedis. Per a moltes comunitats aut\u00f2nomes -especialment aquelles amb cultius d&#8217;alt valor com la nostra- qualsevol increment addicional en el preu d&#8217;aquests inputs afectar\u00e0 directament la viabilitat de milers d&#8217;explotacions.<\/p>\n\n\n\n<p>L&#8217;organitzaci\u00f3 reitera que els llauradors europeus s\u00f3n dels m\u00e9s eficients del m\u00f3n en termes ambientals, i que la UE no pot impulsar pol\u00edtiques que, en la pr\u00e0ctica, redu\u00efsquen la producci\u00f3 interna i augmenten la depend\u00e8ncia aliment\u00e0ria de tercers pa\u00efsos, amb pitjors est\u00e0ndards clim\u00e0tics i laborals.<\/p>\n\n\n\n<p><strong>Manifestaci\u00f3-tractorada el 18D a Val\u00e8ncia<\/strong><\/p>\n\n\n\n<p>Precisament, LA UNI\u00d3 ha convocat una manifestaci\u00f3-tractorada el pr\u00f2xim 18 de desembre en Valenciana per a denunciar precisament que les males pol\u00edtiques de la Comissi\u00f3 Europea, Govern d&#8217;Espanya i Generalitat ofeguen al camp valenci\u00e0.<\/p>\n","protected":false},"excerpt":{"rendered":"<p>La Uni\u00f3 Llauradora i Ramadera adverteix que l&#8217;aplicaci\u00f3 del Mecanisme d&#8217;Ajust en Frontera per Carboni (CBAM), aprovat per la Uni\u00f3 Europea en 2023 per\u00f2 la fi de la qual del per\u00edode de transitori \u00e9s el pr\u00f2xim 31 de desembre, implica l&#8217;aplicaci\u00f3 total del Reglament, generar\u00e0 un nou increment de costos per als llauradors i una &#8230; <a title=\"LA UNI\u00d3 adverteix que una nova decisi\u00f3 europea incrementar\u00e0 els costos per als agricultors valencians i li far\u00e0 perdre competitivitat enfront de tercers pa\u00efsos\" class=\"read-more\" href=\"https:\/\/elcafedepipa.com\/index.php\/2025\/12\/11\/la-unio-adverteix-que-una-nova-decisio-europea-incrementara-els-costos-per-als-agricultors-valencians-i-li-fara-perdre-competitivitat-enfront-de-tercers-paisos\/\" aria-label=\"M\u00e9s informaci\u00f3 sobre LA UNI\u00d3 adverteix que una nova decisi\u00f3 europea incrementar\u00e0 els costos per als agricultors valencians i li far\u00e0 perdre competitivitat enfront de tercers pa\u00efsos\">Read more<\/a><\/p>\n","protected":false},"author":2,"featured_media":19988,"comment_status":"closed","ping_status":"closed","sticky":false,"template":"","format":"standard","meta":{"om_disable_all_campaigns":false,"_monsterinsights_skip_tracking":false,"_monsterinsights_sitenote_active":false,"_monsterinsights_sitenote_note":"","_monsterinsights_sitenote_category":0,"_uf_show_specific_survey":0,"_uf_disable_surveys":false,"footnotes":""},"categories":[11],"tags":[],"class_list":["post-19987","post","type-post","status-publish","format-standard","has-post-thumbnail","hentry","category-comunitatvalenciana"],"_links":{"self":[{"href":"https:\/\/elcafedepipa.com\/index.php\/wp-json\/wp\/v2\/posts\/19987","targetHints":{"allow":["GET"]}}],"collection":[{"href":"https:\/\/elcafedepipa.com\/index.php\/wp-json\/wp\/v2\/posts"}],"about":[{"href":"https:\/\/elcafedepipa.com\/index.php\/wp-json\/wp\/v2\/types\/post"}],"author":[{"embeddable":true,"href":"https:\/\/elcafedepipa.com\/index.php\/wp-json\/wp\/v2\/users\/2"}],"replies":[{"embeddable":true,"href":"https:\/\/elcafedepipa.com\/index.php\/wp-json\/wp\/v2\/comments?post=19987"}],"version-history":[{"count":1,"href":"https:\/\/elcafedepipa.com\/index.php\/wp-json\/wp\/v2\/posts\/19987\/revisions"}],"predecessor-version":[{"id":19989,"href":"https:\/\/elcafedepipa.com\/index.php\/wp-json\/wp\/v2\/posts\/19987\/revisions\/19989"}],"wp:featuredmedia":[{"embeddable":true,"href":"https:\/\/elcafedepipa.com\/index.php\/wp-json\/wp\/v2\/media\/19988"}],"wp:attachment":[{"href":"https:\/\/elcafedepipa.com\/index.php\/wp-json\/wp\/v2\/media?parent=19987"}],"wp:term":[{"taxonomy":"category","embeddable":true,"href":"https:\/\/elcafedepipa.com\/index.php\/wp-json\/wp\/v2\/categories?post=19987"},{"taxonomy":"post_tag","embeddable":true,"href":"https:\/\/elcafedepipa.com\/index.php\/wp-json\/wp\/v2\/tags?post=19987"}],"curies":[{"name":"wp","href":"https:\/\/api.w.org\/{rel}","templated":true}]}}