{"id":19983,"date":"2025-12-11T13:27:32","date_gmt":"2025-12-11T12:27:32","guid":{"rendered":"https:\/\/elcafedepipa.com\/?p=19983"},"modified":"2025-12-11T13:27:33","modified_gmt":"2025-12-11T12:27:33","slug":"la-fira-datraccions-obri-aquest-divendres-12-com-a-proposta-doci-familiar-per-a-aquest-nadal","status":"publish","type":"post","link":"https:\/\/elcafedepipa.com\/index.php\/2025\/12\/11\/la-fira-datraccions-obri-aquest-divendres-12-com-a-proposta-doci-familiar-per-a-aquest-nadal\/","title":{"rendered":"La Fira d\u2019Atraccions obri aquest divendres 12 com a proposta d\u2019oci familiar per a aquest Nadal"},"content":{"rendered":"\n<p>La Vall d\u2019Uix\u00f3 ja ho t\u00e9 tot preparat per a la inauguraci\u00f3 de la <strong>Fira d\u2019Atraccions de Nadal<\/strong>, que obrir\u00e0 les seues portes del <strong>12 de desembre al 7 de gener<\/strong> amb un total de <strong>20 atraccions mec\u00e0niques<\/strong> i diverses casetes. Es tracta d\u2019una proposta ja consolidada que es va recuperar fa nou anys i que cada edici\u00f3 atrau milers de fam\u00edlies de la ciutat i dels municipis ve\u00efns. L\u2019obertura oficial tindr\u00e0 lloc este divendres a les <strong>17.30 hores<\/strong>.<\/p>\n\n\n\n<p>L\u2019Ajuntament ha supervisat este mat\u00ed les \u00faltimes tasques de muntatge i els controls de seguretat del recinte, ubicat davant de la piscina municipal coberta. Al llarg de la setmana s\u2019han revisat les connexions d\u2019aigua i electricitat i tamb\u00e9 s\u2019han habilitat els banys p\u00fablics del recinte multiusos per donar servei durant tota la campanya nadalenca.<\/p>\n\n\n\n<p>El regidor de Turisme, <strong>Javier Ferreres<\/strong>, ha visitat la instal\u00b7laci\u00f3 acompanyat per t\u00e8cnics municipals i la Policia Local. Ferreres ha agra\u00eft la \u201cpredisposici\u00f3 i comprom\u00eds\u201d de l\u2019<strong>Associaci\u00f3 de Firaires<\/strong> per tornar a apostar per la Vall en unes dates tan assenyalades, destacant que \u201ca m\u00e9s d\u2019oferir oci a la ciutadania, tamb\u00e9 atrau visitants dels pobles del voltant, que venen a gaudir de la nostra oferta nadalenca\u201d.<\/p>\n\n\n\n<p>El regidor ha recordat que la fira \u201cva estar set anys sense vindre a la Vall\u201d i que la recuperaci\u00f3 d\u2019aquesta tradici\u00f3 ha sigut \u201cmolt ben rebuda\u201d, convertint-se en una cita imprescindible per als xiquets i xiquetes, adolescents i tamb\u00e9 per a moltes persones adultes.<\/p>\n\n\n\n<p>La fira obrir\u00e0 tots els dies a partir de les <strong>17.00 hores<\/strong>, amb preus per viatge de <strong>3,5 o 4 euros<\/strong> segons l\u2019atracci\u00f3. A m\u00e9s, la ciutadania t\u00e9 a la seua disposici\u00f3 <strong>140.000 tiquets de descompte<\/strong>, 20.000 m\u00e9s que en l\u2019edici\u00f3 anterior, que s\u2019entreguen amb les compres realitzades als comer\u00e7os locals. Gr\u00e0cies a aquests descomptes, de dilluns a divendres el preu per atracci\u00f3 queda redu\u00eft a <strong>2 o 2,5 euros<\/strong>. El consistori tamb\u00e9 sortejar\u00e0 viatges gratu\u00efts a trav\u00e9s dels seus perfils oficials d\u2019Instagram i Facebook.<\/p>\n\n\n\n<p>Amb aquesta oferta, la Vall d\u2019Uix\u00f3 torna a apostar per un Nadal ple d\u2019ambient, tradici\u00f3 i espais de conviv\u00e8ncia per a tota la fam\u00edlia.<\/p>\n","protected":false},"excerpt":{"rendered":"<p>La Vall d\u2019Uix\u00f3 ja ho t\u00e9 tot preparat per a la inauguraci\u00f3 de la Fira d\u2019Atraccions de Nadal, que obrir\u00e0 les seues portes del 12 de desembre al 7 de gener amb un total de 20 atraccions mec\u00e0niques i diverses casetes. Es tracta d\u2019una proposta ja consolidada que es va recuperar fa nou anys i &#8230; <a title=\"La Fira d\u2019Atraccions obri aquest divendres 12 com a proposta d\u2019oci familiar per a aquest Nadal\" class=\"read-more\" href=\"https:\/\/elcafedepipa.com\/index.php\/2025\/12\/11\/la-fira-datraccions-obri-aquest-divendres-12-com-a-proposta-doci-familiar-per-a-aquest-nadal\/\" aria-label=\"M\u00e9s informaci\u00f3 sobre La Fira d\u2019Atraccions obri aquest divendres 12 com a proposta d\u2019oci familiar per a aquest Nadal\">Read more<\/a><\/p>\n","protected":false},"author":2,"featured_media":19984,"comment_status":"closed","ping_status":"closed","sticky":false,"template":"","format":"standard","meta":{"om_disable_all_campaigns":false,"_monsterinsights_skip_tracking":false,"_monsterinsights_sitenote_active":false,"_monsterinsights_sitenote_note":"","_monsterinsights_sitenote_category":0,"_uf_show_specific_survey":0,"_uf_disable_surveys":false,"footnotes":""},"categories":[2],"tags":[],"class_list":["post-19983","post","type-post","status-publish","format-standard","has-post-thumbnail","hentry","category-lavallduixo"],"_links":{"self":[{"href":"https:\/\/elcafedepipa.com\/index.php\/wp-json\/wp\/v2\/posts\/19983","targetHints":{"allow":["GET"]}}],"collection":[{"href":"https:\/\/elcafedepipa.com\/index.php\/wp-json\/wp\/v2\/posts"}],"about":[{"href":"https:\/\/elcafedepipa.com\/index.php\/wp-json\/wp\/v2\/types\/post"}],"author":[{"embeddable":true,"href":"https:\/\/elcafedepipa.com\/index.php\/wp-json\/wp\/v2\/users\/2"}],"replies":[{"embeddable":true,"href":"https:\/\/elcafedepipa.com\/index.php\/wp-json\/wp\/v2\/comments?post=19983"}],"version-history":[{"count":2,"href":"https:\/\/elcafedepipa.com\/index.php\/wp-json\/wp\/v2\/posts\/19983\/revisions"}],"predecessor-version":[{"id":19986,"href":"https:\/\/elcafedepipa.com\/index.php\/wp-json\/wp\/v2\/posts\/19983\/revisions\/19986"}],"wp:featuredmedia":[{"embeddable":true,"href":"https:\/\/elcafedepipa.com\/index.php\/wp-json\/wp\/v2\/media\/19984"}],"wp:attachment":[{"href":"https:\/\/elcafedepipa.com\/index.php\/wp-json\/wp\/v2\/media?parent=19983"}],"wp:term":[{"taxonomy":"category","embeddable":true,"href":"https:\/\/elcafedepipa.com\/index.php\/wp-json\/wp\/v2\/categories?post=19983"},{"taxonomy":"post_tag","embeddable":true,"href":"https:\/\/elcafedepipa.com\/index.php\/wp-json\/wp\/v2\/tags?post=19983"}],"curies":[{"name":"wp","href":"https:\/\/api.w.org\/{rel}","templated":true}]}}