{"id":19980,"date":"2025-12-11T13:05:20","date_gmt":"2025-12-11T12:05:20","guid":{"rendered":"https:\/\/elcafedepipa.com\/?p=19980"},"modified":"2025-12-11T13:05:21","modified_gmt":"2025-12-11T12:05:21","slug":"la-diputacio-de-castello-premia-loriginalitat-i-el-talent-en-el-concurs-de-microrelats-de-persones-majors-mes-multitudinari","status":"publish","type":"post","link":"https:\/\/elcafedepipa.com\/index.php\/2025\/12\/11\/la-diputacio-de-castello-premia-loriginalitat-i-el-talent-en-el-concurs-de-microrelats-de-persones-majors-mes-multitudinari\/","title":{"rendered":"La Diputaci\u00f3 de Castell\u00f3 premia l&#8217;originalitat i el talent en el Concurs de Microrelats de Persones Majors m\u00e9s multitudinari"},"content":{"rendered":"\n<p>La Diputaci\u00f3 Provincial de Castell\u00f3 premia l&#8217;originalitat i el talent en el V Concurs de Microrelats de Persones Majors m\u00e9s multitudinari.<\/p>\n\n\n\n<p>En esta quinta edici\u00f3, el lema triat ha sigut \u201cEl meu primer gran s\u00ed\u201d, un tema carregat d&#8217;emocions, records i decisions que van marcar un abans i un despr\u00e9s en la vida de cada persona. \u201cUn tema preci\u00f3s que ha convidat a recordar aquell moment decisiu en la vida\u201d, ha ressaltat la diputada de Benestar Social, Marisa Torl\u00e0.<\/p>\n\n\n\n<p>Aix\u00ed, a trav\u00e9s de l&#8217;escriptura, els participants han tingut l&#8217;oportunitat d&#8217;expressar eixos moments decisius que van deixar una petjada profunda en el seu cam\u00ed. \u201cLa tem\u00e0tica triada ens ha regalat relats profundament personals, valents, aut\u00e8ntics i, en alguns casos, tamb\u00e9 dolorosos\u201d, ha assenyalat la diputada de Benestar Social, qui ha destacat el gran acolliment que ha tingut enguany este concurs.<\/p>\n\n\n\n<p>Esta ha sigut l&#8217;edici\u00f3 amb major participaci\u00f3, la qual cosa demostra l&#8217;entusiasme i la creativitat de les persones majors de la prov\u00edncia, els qui s&#8217;han bolcat en este concurs. Un certamen que amb el pas dels anys no sols ha crescut, sin\u00f3 que \u201cs&#8217;ha consolidat i, sobretot, ha demostrat alguna cosa que sempre diem, per\u00f2 hui se sent amb especial for\u00e7a: la nostra prov\u00edncia est\u00e0 plena de talent, de mem\u00f2ria i de vida\u201d, ha expressat Marisa Torl\u00e0.<\/p>\n\n\n\n<p>En este sentit, la diputada provincial ha expressat el seu agra\u00efment a les 112 persones que enguany han participat en el Concurs de Microrelats per a Persones Majors, destacant tant la seua creativitat com el seu comprom\u00eds amb este concurs que \u00e9s molt m\u00e9s que un premi, \u201c\u00e9s un exercici actiu, de creativitat, d&#8217;autocura emocional\u201d.<\/p>\n\n\n\n<p>\u201c\u00c9s tamb\u00e9 una manera de mantindre viva la mem\u00f2ria, de transformar viv\u00e8ncies en paraules i de celebrar que mai \u00e9s tard per a dir, sentir o escriure alguna cosa per primera vegada\u201d, ha subratllat la diputada provincial, qui ha posat en valor cada un dels microrelats presentats, assegurant que es tracta de \u201ccent dotze hist\u00f2ries, cent dotze veus, cent dotze moments vitals convertits en literatura\u201d.<\/p>\n\n\n\n<p>Aix\u00ed, pel que respecta als premis, el tercer premi ha sigut per al microrelat \u2018Latidos compartidos, caminos separados\u2019 (del \u201csi\u201d a la \u201cacceptaci\u00f3\u201d de viure per i per a tu), de Pedro L\u00f3pez Mart\u00ednez; el segon premi ha recaigut en Marisa Manuela Calder\u00f3n, pel seu microrelat \u2018Vuelve a mi memoria\u2019; mentres que el microrelat guanyador d&#8217;esta edici\u00f3 ha sigut \u2018El meu primer s\u00ed\u2019, de Miguel Pastor.<\/p>\n\n\n\n<p>La diputada de Benestar Social ha felicitat els premiats d&#8217;esta edici\u00f3, insistint que \u201cla nostra prov\u00edncia t\u00e9 una enorme riquesa liter\u00e0ria que naix de les vostres experi\u00e8ncies i les vostres mirades\u201d. Aix\u00ed, ha animat a tots els participants a continuar escrivint, a continuar compartint i a continuar dient que s\u00ed, perqu\u00e8 \u201cmentres tinguem alguna cosa a dir, alguna cosa a escriure o alguna cosa a recordar, continuem creixent, continuem aprenent i continuem vivint\u201d, ha concl\u00f2s Marisa Torl\u00e0.<\/p>\n\n\n\n<p><\/p>\n","protected":false},"excerpt":{"rendered":"<p>La Diputaci\u00f3 Provincial de Castell\u00f3 premia l&#8217;originalitat i el talent en el V Concurs de Microrelats de Persones Majors m\u00e9s multitudinari. En esta quinta edici\u00f3, el lema triat ha sigut \u201cEl meu primer gran s\u00ed\u201d, un tema carregat d&#8217;emocions, records i decisions que van marcar un abans i un despr\u00e9s en la vida de cada &#8230; <a title=\"La Diputaci\u00f3 de Castell\u00f3 premia l&#8217;originalitat i el talent en el Concurs de Microrelats de Persones Majors m\u00e9s multitudinari\" class=\"read-more\" href=\"https:\/\/elcafedepipa.com\/index.php\/2025\/12\/11\/la-diputacio-de-castello-premia-loriginalitat-i-el-talent-en-el-concurs-de-microrelats-de-persones-majors-mes-multitudinari\/\" aria-label=\"M\u00e9s informaci\u00f3 sobre La Diputaci\u00f3 de Castell\u00f3 premia l&#8217;originalitat i el talent en el Concurs de Microrelats de Persones Majors m\u00e9s multitudinari\">Read more<\/a><\/p>\n","protected":false},"author":2,"featured_media":19981,"comment_status":"closed","ping_status":"closed","sticky":false,"template":"","format":"standard","meta":{"om_disable_all_campaigns":false,"_monsterinsights_skip_tracking":false,"_monsterinsights_sitenote_active":false,"_monsterinsights_sitenote_note":"","_monsterinsights_sitenote_category":0,"_uf_show_specific_survey":0,"_uf_disable_surveys":false,"footnotes":""},"categories":[10],"tags":[],"class_list":["post-19980","post","type-post","status-publish","format-standard","has-post-thumbnail","hentry","category-provinciadecastello"],"_links":{"self":[{"href":"https:\/\/elcafedepipa.com\/index.php\/wp-json\/wp\/v2\/posts\/19980","targetHints":{"allow":["GET"]}}],"collection":[{"href":"https:\/\/elcafedepipa.com\/index.php\/wp-json\/wp\/v2\/posts"}],"about":[{"href":"https:\/\/elcafedepipa.com\/index.php\/wp-json\/wp\/v2\/types\/post"}],"author":[{"embeddable":true,"href":"https:\/\/elcafedepipa.com\/index.php\/wp-json\/wp\/v2\/users\/2"}],"replies":[{"embeddable":true,"href":"https:\/\/elcafedepipa.com\/index.php\/wp-json\/wp\/v2\/comments?post=19980"}],"version-history":[{"count":1,"href":"https:\/\/elcafedepipa.com\/index.php\/wp-json\/wp\/v2\/posts\/19980\/revisions"}],"predecessor-version":[{"id":19982,"href":"https:\/\/elcafedepipa.com\/index.php\/wp-json\/wp\/v2\/posts\/19980\/revisions\/19982"}],"wp:featuredmedia":[{"embeddable":true,"href":"https:\/\/elcafedepipa.com\/index.php\/wp-json\/wp\/v2\/media\/19981"}],"wp:attachment":[{"href":"https:\/\/elcafedepipa.com\/index.php\/wp-json\/wp\/v2\/media?parent=19980"}],"wp:term":[{"taxonomy":"category","embeddable":true,"href":"https:\/\/elcafedepipa.com\/index.php\/wp-json\/wp\/v2\/categories?post=19980"},{"taxonomy":"post_tag","embeddable":true,"href":"https:\/\/elcafedepipa.com\/index.php\/wp-json\/wp\/v2\/tags?post=19980"}],"curies":[{"name":"wp","href":"https:\/\/api.w.org\/{rel}","templated":true}]}}