{"id":19977,"date":"2025-12-11T12:41:38","date_gmt":"2025-12-11T11:41:38","guid":{"rendered":"https:\/\/elcafedepipa.com\/?p=19977"},"modified":"2025-12-11T12:41:39","modified_gmt":"2025-12-11T11:41:39","slug":"nules-impulsa-el-projecte-intergeneracional-voluntariat-de-iaios-i-iaies","status":"publish","type":"post","link":"https:\/\/elcafedepipa.com\/index.php\/2025\/12\/11\/nules-impulsa-el-projecte-intergeneracional-voluntariat-de-iaios-i-iaies\/","title":{"rendered":"Nules impulsa el projecte intergeneracional \u201cVoluntariat de Iaios i Iaies\u201d"},"content":{"rendered":"\n<p>L\u2019Ajuntament de Nules, a trav\u00e9s de la Regidoria de Joventut i en col\u00b7laboraci\u00f3 amb la Resid\u00e8ncia de Majors Verge de la Soledat, ha posat en marxa el projecte \u201cVoluntariat de iaios i iaies\u201d, una iniciativa intergeneracional que uneix l\u2019alumnat de 1r de l\u2019ESO de l\u2019IES Gilabert de Centelles i del Col\u00b7legi Ntra. Sra. de la Consolaci\u00f3 amb les persones majors residents del centre.<\/p>\n\n\n\n<p>L\u2019activitat t\u00e9 com a finalitat promoure valors com la responsabilitat, l\u2019empatia, el respecte i la cooperaci\u00f3 entre joves i majors, tot fomentant la conviv\u00e8ncia i l\u2019aprenentatge mutu a partir de l\u2019experi\u00e8ncia i la participaci\u00f3 activa.<\/p>\n\n\n\n<p>El projecte es desenvolupar\u00e0 en dues sessions complement\u00e0ries, per una part una sessi\u00f3 te\u00f2rica, en qu\u00e8 l\u2019equip t\u00e8cnic de la resid\u00e8ncia explicar\u00e0 als joves el funcionament i \u00fas adequat dels ajuts t\u00e8cnics i instruments de suport, com ara cadires de rodes, caminadors, bastons o crosses, posant en valor la import\u00e0ncia de la seguretat, el respecte i la cura en l\u2019atenci\u00f3 a les persones majors; per l\u2019altra, hi haur\u00e0 una sessi\u00f3 pr\u00e0ctica, en qu\u00e8 l\u2019alumnat podr\u00e0 posar en marxa all\u00f2 apr\u00e8s, participant en din\u00e0miques d\u2019acompanyament i col\u00b7laboraci\u00f3 amb les persones residents, compartint jocs, converses i activitats l\u00fadiques dissenyades per refor\u00e7ar el vincle afectiu i la solidaritat intergeneracional.<\/p>\n\n\n\n<p>La regidora de Joventut, Blanca Silvestre, ha destacat que \u201camb aquest projecte volem acostar realitats, trencar estereotips i fomentar la responsabilitat social entre els i les m\u00e9s joves. Les persones majors tenen molt a ensenyar, i la millor manera d\u2019aprendre \u00e9s escoltant i compartint temps amb elles\u201d.<\/p>\n\n\n\n<p>El projecte \u201cVoluntariat de iaios i iaies\u201d s\u2019emmarca dins del Pla Jove Municipal i continuar\u00e0 amb noves trobades al llarg del curs, convertint-se en un espai viu de conviv\u00e8ncia, aprenentatge i afecte entre generacions.<\/p>\n","protected":false},"excerpt":{"rendered":"<p>L\u2019Ajuntament de Nules, a trav\u00e9s de la Regidoria de Joventut i en col\u00b7laboraci\u00f3 amb la Resid\u00e8ncia de Majors Verge de la Soledat, ha posat en marxa el projecte \u201cVoluntariat de iaios i iaies\u201d, una iniciativa intergeneracional que uneix l\u2019alumnat de 1r de l\u2019ESO de l\u2019IES Gilabert de Centelles i del Col\u00b7legi Ntra. Sra. de la &#8230; <a title=\"Nules impulsa el projecte intergeneracional \u201cVoluntariat de Iaios i Iaies\u201d\" class=\"read-more\" href=\"https:\/\/elcafedepipa.com\/index.php\/2025\/12\/11\/nules-impulsa-el-projecte-intergeneracional-voluntariat-de-iaios-i-iaies\/\" aria-label=\"M\u00e9s informaci\u00f3 sobre Nules impulsa el projecte intergeneracional \u201cVoluntariat de Iaios i Iaies\u201d\">Read more<\/a><\/p>\n","protected":false},"author":2,"featured_media":19978,"comment_status":"closed","ping_status":"closed","sticky":false,"template":"","format":"standard","meta":{"om_disable_all_campaigns":false,"_monsterinsights_skip_tracking":false,"_monsterinsights_sitenote_active":false,"_monsterinsights_sitenote_note":"","_monsterinsights_sitenote_category":0,"_uf_show_specific_survey":0,"_uf_disable_surveys":false,"footnotes":""},"categories":[3],"tags":[],"class_list":["post-19977","post","type-post","status-publish","format-standard","has-post-thumbnail","hentry","category-nules"],"_links":{"self":[{"href":"https:\/\/elcafedepipa.com\/index.php\/wp-json\/wp\/v2\/posts\/19977","targetHints":{"allow":["GET"]}}],"collection":[{"href":"https:\/\/elcafedepipa.com\/index.php\/wp-json\/wp\/v2\/posts"}],"about":[{"href":"https:\/\/elcafedepipa.com\/index.php\/wp-json\/wp\/v2\/types\/post"}],"author":[{"embeddable":true,"href":"https:\/\/elcafedepipa.com\/index.php\/wp-json\/wp\/v2\/users\/2"}],"replies":[{"embeddable":true,"href":"https:\/\/elcafedepipa.com\/index.php\/wp-json\/wp\/v2\/comments?post=19977"}],"version-history":[{"count":1,"href":"https:\/\/elcafedepipa.com\/index.php\/wp-json\/wp\/v2\/posts\/19977\/revisions"}],"predecessor-version":[{"id":19979,"href":"https:\/\/elcafedepipa.com\/index.php\/wp-json\/wp\/v2\/posts\/19977\/revisions\/19979"}],"wp:featuredmedia":[{"embeddable":true,"href":"https:\/\/elcafedepipa.com\/index.php\/wp-json\/wp\/v2\/media\/19978"}],"wp:attachment":[{"href":"https:\/\/elcafedepipa.com\/index.php\/wp-json\/wp\/v2\/media?parent=19977"}],"wp:term":[{"taxonomy":"category","embeddable":true,"href":"https:\/\/elcafedepipa.com\/index.php\/wp-json\/wp\/v2\/categories?post=19977"},{"taxonomy":"post_tag","embeddable":true,"href":"https:\/\/elcafedepipa.com\/index.php\/wp-json\/wp\/v2\/tags?post=19977"}],"curies":[{"name":"wp","href":"https:\/\/api.w.org\/{rel}","templated":true}]}}