{"id":19974,"date":"2025-12-11T12:10:31","date_gmt":"2025-12-11T11:10:31","guid":{"rendered":"https:\/\/elcafedepipa.com\/?p=19974"},"modified":"2025-12-11T12:10:32","modified_gmt":"2025-12-11T11:10:32","slug":"el-ppcs-exigix-a-falomir-la-condemna-dels-casos-dassetjament-sexual-al-psoe-perque-el-seu-silenci-nomes-es-complice-dun-president-del-govern-acabat","status":"publish","type":"post","link":"https:\/\/elcafedepipa.com\/index.php\/2025\/12\/11\/el-ppcs-exigix-a-falomir-la-condemna-dels-casos-dassetjament-sexual-al-psoe-perque-el-seu-silenci-nomes-es-complice-dun-president-del-govern-acabat\/","title":{"rendered":"El PPCS exigix a Falomir la condemna dels casos d&#8217;assetjament sexual al PSOE &#8220;perqu\u00e8 el seu silenci nom\u00e9s \u00e9s c\u00f2mplice d&#8217;un president del Govern acabat&#8221;"},"content":{"rendered":"\n<p>L&#8217;espiral de den\u00fancies de dones tramitades dins i fora del PSOE en contra d&#8217;alts dirigents de la c\u00fapula que presidix Pedro S\u00e1nchez han provocat que el PPCS exigisca al seu m\u00e0xim responsable a la prov\u00edncia de Castell\u00f3, Samuel Falomir, la condemna immediata dels fets.<\/p>\n\n\n\n<p>Aix\u00ed ho ha reclamat la secret\u00e0ria executiva del PPCS d&#8217;Ocupaci\u00f3 i Aut\u00f2noms, Candela Angl\u00e9s, qui assenyala que el silenci del m\u00e0xim dirigent provincial &#8220;nom\u00e9s \u00e9s c\u00f2mplice d&#8217;un president del Govern d&#8217;Espanya acabat&#8221;.<\/p>\n\n\n\n<p>Per a Angl\u00e9s, &#8220;Falomir ens t\u00e9 acostumats a manifestacions p\u00fabliques di\u00e0ries\u201d. No obstant aix\u00f2, &#8220;res li hem escoltat respecte al masclisme inherent en el seu partit i que encarnen alts dirigents com ho va ser Jos\u00e9 Luis \u00c1balos, secretari d&#8217;Organitzaci\u00f3 del PSOE; el seu llavors assessor, Koldo Garc\u00eda; el secretari general del PSOE en Torremolinos, Antonio Navarro; la m\u00e0 dreta<\/p>\n\n\n\n<p>del president del Govern, Francisco Salazar; o Jos\u00e9 Tom\u00e9, el que fora fins al mat\u00ed d&#8217;ahir president de la Diputaci\u00f3 de Lugo&#8221;.<\/p>\n\n\n\n<p>En este sentit, &#8220;ens preguntem si Samuel Falomir tamb\u00e9 demana calma, com ha fet Pilar Bernab\u00e9, en qualitat de secret\u00e0ria d&#8217;Igualtat del PSOE. Calma enfront de l&#8217;assetjament sexual?&#8221;. Per a Angl\u00e9s, &#8220;les dones mai han estat tan desprotegides com ara. Amb una llei, la del nom\u00e9s s\u00ed \u00e9s s\u00ed, que va provocar excarceracions i rebaixes de condemnes a maltractadors. Amb polseres que han sigut un absolut fiasco situant a les v\u00edctimes als peus dels assetjadors. I amb un Govern d&#8217;Espanya que amb Pedro S\u00e1nchez al capdavant ha ajudat a pujar als qui han assetjat de manera constant i reiterada a desenes de dones&#8221;.<\/p>\n\n\n\n<p>El futur, assenyala Candela Angl\u00e9s, &#8220;\u00e9s el feminisme real, el que exercixen dones que cada dia lluiten pels seus drets i que compartixen amb h\u00f2mens que creuen en la igualtat. Les eleccions s\u00f3n la soluci\u00f3 a un president que ja \u00e9s un cad\u00e0ver&#8221;, ha concl\u00f2s la secret\u00e0ria executiva del PPCS.<\/p>\n","protected":false},"excerpt":{"rendered":"<p>L&#8217;espiral de den\u00fancies de dones tramitades dins i fora del PSOE en contra d&#8217;alts dirigents de la c\u00fapula que presidix Pedro S\u00e1nchez han provocat que el PPCS exigisca al seu m\u00e0xim responsable a la prov\u00edncia de Castell\u00f3, Samuel Falomir, la condemna immediata dels fets. Aix\u00ed ho ha reclamat la secret\u00e0ria executiva del PPCS d&#8217;Ocupaci\u00f3 i &#8230; <a title=\"El PPCS exigix a Falomir la condemna dels casos d&#8217;assetjament sexual al PSOE &#8220;perqu\u00e8 el seu silenci nom\u00e9s \u00e9s c\u00f2mplice d&#8217;un president del Govern acabat&#8221;\" class=\"read-more\" href=\"https:\/\/elcafedepipa.com\/index.php\/2025\/12\/11\/el-ppcs-exigix-a-falomir-la-condemna-dels-casos-dassetjament-sexual-al-psoe-perque-el-seu-silenci-nomes-es-complice-dun-president-del-govern-acabat\/\" aria-label=\"M\u00e9s informaci\u00f3 sobre El PPCS exigix a Falomir la condemna dels casos d&#8217;assetjament sexual al PSOE &#8220;perqu\u00e8 el seu silenci nom\u00e9s \u00e9s c\u00f2mplice d&#8217;un president del Govern acabat&#8221;\">Read more<\/a><\/p>\n","protected":false},"author":2,"featured_media":19975,"comment_status":"closed","ping_status":"closed","sticky":false,"template":"","format":"standard","meta":{"om_disable_all_campaigns":false,"_monsterinsights_skip_tracking":false,"_monsterinsights_sitenote_active":false,"_monsterinsights_sitenote_note":"","_monsterinsights_sitenote_category":0,"_uf_show_specific_survey":0,"_uf_disable_surveys":false,"footnotes":""},"categories":[11],"tags":[],"class_list":["post-19974","post","type-post","status-publish","format-standard","has-post-thumbnail","hentry","category-comunitatvalenciana"],"_links":{"self":[{"href":"https:\/\/elcafedepipa.com\/index.php\/wp-json\/wp\/v2\/posts\/19974","targetHints":{"allow":["GET"]}}],"collection":[{"href":"https:\/\/elcafedepipa.com\/index.php\/wp-json\/wp\/v2\/posts"}],"about":[{"href":"https:\/\/elcafedepipa.com\/index.php\/wp-json\/wp\/v2\/types\/post"}],"author":[{"embeddable":true,"href":"https:\/\/elcafedepipa.com\/index.php\/wp-json\/wp\/v2\/users\/2"}],"replies":[{"embeddable":true,"href":"https:\/\/elcafedepipa.com\/index.php\/wp-json\/wp\/v2\/comments?post=19974"}],"version-history":[{"count":1,"href":"https:\/\/elcafedepipa.com\/index.php\/wp-json\/wp\/v2\/posts\/19974\/revisions"}],"predecessor-version":[{"id":19976,"href":"https:\/\/elcafedepipa.com\/index.php\/wp-json\/wp\/v2\/posts\/19974\/revisions\/19976"}],"wp:featuredmedia":[{"embeddable":true,"href":"https:\/\/elcafedepipa.com\/index.php\/wp-json\/wp\/v2\/media\/19975"}],"wp:attachment":[{"href":"https:\/\/elcafedepipa.com\/index.php\/wp-json\/wp\/v2\/media?parent=19974"}],"wp:term":[{"taxonomy":"category","embeddable":true,"href":"https:\/\/elcafedepipa.com\/index.php\/wp-json\/wp\/v2\/categories?post=19974"},{"taxonomy":"post_tag","embeddable":true,"href":"https:\/\/elcafedepipa.com\/index.php\/wp-json\/wp\/v2\/tags?post=19974"}],"curies":[{"name":"wp","href":"https:\/\/api.w.org\/{rel}","templated":true}]}}