{"id":19971,"date":"2025-12-11T11:32:30","date_gmt":"2025-12-11T10:32:30","guid":{"rendered":"https:\/\/elcafedepipa.com\/?p=19971"},"modified":"2025-12-11T11:32:31","modified_gmt":"2025-12-11T10:32:31","slug":"la-diputacio-de-castello-garantix-el-servei-de-transport-adaptat-a-usuaris-de-deu-entitats-socials","status":"publish","type":"post","link":"https:\/\/elcafedepipa.com\/index.php\/2025\/12\/11\/la-diputacio-de-castello-garantix-el-servei-de-transport-adaptat-a-usuaris-de-deu-entitats-socials\/","title":{"rendered":"La Diputaci\u00f3 de Castell\u00f3 garantix el servei de transport adaptat a usuaris de deu entitats socials"},"content":{"rendered":"\n<p>La Diputaci\u00f3 de Castell\u00f3 garantix el servei de transport adaptat a usuaris de deu entitats socials.<\/p>\n\n\n\n<p>La instituci\u00f3 provincial ha aprovat la concessi\u00f3 de subvencions per un import total de 150.000 euros i destinada al manteniment de serveis de transport adaptat prestat per entitats sectorials. \u201cEsta l\u00ednia d&#8217;ajudes forma part de l&#8217;aposta de la Diputaci\u00f3 per garantir el benestar social, la igualtat de les oportunitats en el conjunt del territori i fomentar la inclusi\u00f3 i l&#8217;autonomia personal\u201d, ha subratllat la presidenta Marta Barrachina.<\/p>\n\n\n\n<p>Les entitats benefici\u00e0ries de la present convocat\u00f2ria s\u00f3n: Associaci\u00f3 Esclerosi M\u00faltiple, Fundaci\u00f3 S\u00edndrome de Down, Associaci\u00f3 de Dany Cerebral Adquirit i Esclerosi M\u00faltiple Palancia Mijares DACEM Segorbe, Fundaci\u00f3 Dany Cerebral de la Comunitat Valenciana \u2013 Ateneu Castell\u00f3, Cocemfe, Fundaci\u00f3 Aspropace de la CV, Associaci\u00f3 Dany Cerebral Ateneu Maestrat, Associaci\u00f3 de Parkinson de la prov\u00edncia de Castell\u00f3, AFA Castell\u00f3 i Fundaci\u00f3 Alzheimer Salom\u00e9 Moliner.<\/p>\n\n\n\n<p>\u201cLes subvencions destinades al manteniment de servei de transport adaptat s&#8217;inclouen en la nostra aposta per garantir una xarxa d&#8217;atenci\u00f3 m\u00e9s forta i m\u00e9s pr\u00f2xima\u201d, ha incidit la dirigent provincial.<\/p>\n\n\n\n<p>Dins de la present convocat\u00f2ria, s\u00f3n gastos subvencionables tots aquells gastos que responguen a la naturalesa de l&#8217;activitat subvencionada, com ara n\u00f2mines, combustible, reparaci\u00f3 i manteniment dels vehicles, primes d&#8217;asseguran\u00e7a, comunicacions, gesti\u00f3 i administraci\u00f3 del servei, entre altres.<\/p>\n\n\n\n<p>Quant als criteris de valoraci\u00f3 per a la concessi\u00f3 de les ajudes, s&#8217;han tingut en compte, entre altres coses, les caracter\u00edstiques dels municipis als quals dona servei el transport, el nombre d&#8217;usuaris atesos o els punts de recollida, especialment quan es tracta d&#8217;un servei directe des del domicili de la persona usu\u00e0ria.&nbsp;La poblaci\u00f3 de les localitats on este transport adaptat acudix tamb\u00e9 \u00e9s un altre factor a tindre en compte a l&#8217;hora de concedir les subvencions. Al respecte, la diputada de Benestar Social, Marisa Torl\u00e0 ha explicat que \u201camb l&#8217;objectiu de lluitar contra l&#8217;a\u00efllament rural i la despoblaci\u00f3, s&#8217;ha donat prioritat als municipis de menys de 5.000 habitants, responent aix\u00ed a la necessitat de garantir l&#8217;acc\u00e9s a estos serveis en entorns rurals i all\u00ed on les oportunitats i recursos solen ser m\u00e9s limitats\u201d.<\/p>\n\n\n\n<p>La diputada responsable de l&#8217;\u00e0rea ha incidit en qu\u00e8 \u201camb estes ajudes reforcem el nostre comprom\u00eds per eliminar barreres i potenciar la inserci\u00f3 educativa i social dels centres especialitzats\u201d.<\/p>\n","protected":false},"excerpt":{"rendered":"<p>La Diputaci\u00f3 de Castell\u00f3 garantix el servei de transport adaptat a usuaris de deu entitats socials. La instituci\u00f3 provincial ha aprovat la concessi\u00f3 de subvencions per un import total de 150.000 euros i destinada al manteniment de serveis de transport adaptat prestat per entitats sectorials. \u201cEsta l\u00ednia d&#8217;ajudes forma part de l&#8217;aposta de la Diputaci\u00f3 &#8230; <a title=\"La Diputaci\u00f3 de Castell\u00f3 garantix el servei de transport adaptat a usuaris de deu entitats socials\" class=\"read-more\" href=\"https:\/\/elcafedepipa.com\/index.php\/2025\/12\/11\/la-diputacio-de-castello-garantix-el-servei-de-transport-adaptat-a-usuaris-de-deu-entitats-socials\/\" aria-label=\"M\u00e9s informaci\u00f3 sobre La Diputaci\u00f3 de Castell\u00f3 garantix el servei de transport adaptat a usuaris de deu entitats socials\">Read more<\/a><\/p>\n","protected":false},"author":2,"featured_media":19972,"comment_status":"closed","ping_status":"closed","sticky":false,"template":"","format":"standard","meta":{"om_disable_all_campaigns":false,"_monsterinsights_skip_tracking":false,"_monsterinsights_sitenote_active":false,"_monsterinsights_sitenote_note":"","_monsterinsights_sitenote_category":0,"_uf_show_specific_survey":0,"_uf_disable_surveys":false,"footnotes":""},"categories":[10],"tags":[],"class_list":["post-19971","post","type-post","status-publish","format-standard","has-post-thumbnail","hentry","category-provinciadecastello"],"_links":{"self":[{"href":"https:\/\/elcafedepipa.com\/index.php\/wp-json\/wp\/v2\/posts\/19971","targetHints":{"allow":["GET"]}}],"collection":[{"href":"https:\/\/elcafedepipa.com\/index.php\/wp-json\/wp\/v2\/posts"}],"about":[{"href":"https:\/\/elcafedepipa.com\/index.php\/wp-json\/wp\/v2\/types\/post"}],"author":[{"embeddable":true,"href":"https:\/\/elcafedepipa.com\/index.php\/wp-json\/wp\/v2\/users\/2"}],"replies":[{"embeddable":true,"href":"https:\/\/elcafedepipa.com\/index.php\/wp-json\/wp\/v2\/comments?post=19971"}],"version-history":[{"count":1,"href":"https:\/\/elcafedepipa.com\/index.php\/wp-json\/wp\/v2\/posts\/19971\/revisions"}],"predecessor-version":[{"id":19973,"href":"https:\/\/elcafedepipa.com\/index.php\/wp-json\/wp\/v2\/posts\/19971\/revisions\/19973"}],"wp:featuredmedia":[{"embeddable":true,"href":"https:\/\/elcafedepipa.com\/index.php\/wp-json\/wp\/v2\/media\/19972"}],"wp:attachment":[{"href":"https:\/\/elcafedepipa.com\/index.php\/wp-json\/wp\/v2\/media?parent=19971"}],"wp:term":[{"taxonomy":"category","embeddable":true,"href":"https:\/\/elcafedepipa.com\/index.php\/wp-json\/wp\/v2\/categories?post=19971"},{"taxonomy":"post_tag","embeddable":true,"href":"https:\/\/elcafedepipa.com\/index.php\/wp-json\/wp\/v2\/tags?post=19971"}],"curies":[{"name":"wp","href":"https:\/\/api.w.org\/{rel}","templated":true}]}}