{"id":19967,"date":"2025-12-11T09:31:37","date_gmt":"2025-12-11T08:31:37","guid":{"rendered":"https:\/\/elcafedepipa.com\/?p=19967"},"modified":"2025-12-11T09:31:38","modified_gmt":"2025-12-11T08:31:38","slug":"la-diputacio-de-castello-celebra-lexit-de-la-revista-renaixement-un-projecte-deducacio-i-servei-que-aconseguix-el-seu-numero-59","status":"publish","type":"post","link":"https:\/\/elcafedepipa.com\/index.php\/2025\/12\/11\/la-diputacio-de-castello-celebra-lexit-de-la-revista-renaixement-un-projecte-deducacio-i-servei-que-aconseguix-el-seu-numero-59\/","title":{"rendered":"La Diputaci\u00f3 de Castell\u00f3 celebra l&#8217;\u00e8xit de la Revista Renaixement, un projecte d&#8217;educaci\u00f3 i servei que aconseguix el seu n\u00famero 59"},"content":{"rendered":"\n<p>La Diputaci\u00f3 Provincial de Castell\u00f3 celebra l&#8217;\u00e8xit de la Revista Renaixement, un projecte d&#8217;educaci\u00f3 i servei que aconseguix el seu n\u00famero 59.<\/p>\n\n\n\n<p>La diputada de Publicacions, Marisa Torl\u00e0, ha participat en la presentaci\u00f3 d&#8217;esta edici\u00f3, on ha enaltit la traject\u00f2ria de la Revista Renaixement, assegurant que \u201ccada n\u00famero de la revista reflectix el pensament cr\u00edtic, creativitat, cultura i ganes de participar en la societat des d&#8217;un lloc valu\u00f3s: el dels qui han viscut, han apr\u00e9s i continuen volent aportar\u201d.<\/p>\n\n\n\n<p>Per a Marisa Torl\u00e0, esta edici\u00f3 59 reflectix el comprom\u00eds constant de la Universitat de Majors amb la promoci\u00f3 de la cultura i la hist\u00f2ria. Pel que ha posat en valor el treball tant del professorat com de l&#8217;alumnat, els qui fan possible esta revista, i ha tendit la m\u00e0 de la Diputaci\u00f3 de Castell\u00f3,<\/p>\n\n\n\n<p>assegurat que \u201c\u00e9s i continuar\u00e0 sent una aliada de tot el que t\u00e9 a veure amb l&#8217;envelliment actiu, la participaci\u00f3 i la formaci\u00f3 permanent\u201d.<\/p>\n","protected":false},"excerpt":{"rendered":"<p>La Diputaci\u00f3 Provincial de Castell\u00f3 celebra l&#8217;\u00e8xit de la Revista Renaixement, un projecte d&#8217;educaci\u00f3 i servei que aconseguix el seu n\u00famero 59. La diputada de Publicacions, Marisa Torl\u00e0, ha participat en la presentaci\u00f3 d&#8217;esta edici\u00f3, on ha enaltit la traject\u00f2ria de la Revista Renaixement, assegurant que \u201ccada n\u00famero de la revista reflectix el pensament cr\u00edtic, &#8230; <a title=\"La Diputaci\u00f3 de Castell\u00f3 celebra l&#8217;\u00e8xit de la Revista Renaixement, un projecte d&#8217;educaci\u00f3 i servei que aconseguix el seu n\u00famero 59\" class=\"read-more\" href=\"https:\/\/elcafedepipa.com\/index.php\/2025\/12\/11\/la-diputacio-de-castello-celebra-lexit-de-la-revista-renaixement-un-projecte-deducacio-i-servei-que-aconseguix-el-seu-numero-59\/\" aria-label=\"M\u00e9s informaci\u00f3 sobre La Diputaci\u00f3 de Castell\u00f3 celebra l&#8217;\u00e8xit de la Revista Renaixement, un projecte d&#8217;educaci\u00f3 i servei que aconseguix el seu n\u00famero 59\">Read more<\/a><\/p>\n","protected":false},"author":2,"featured_media":19968,"comment_status":"closed","ping_status":"closed","sticky":false,"template":"","format":"standard","meta":{"om_disable_all_campaigns":false,"_monsterinsights_skip_tracking":false,"_monsterinsights_sitenote_active":false,"_monsterinsights_sitenote_note":"","_monsterinsights_sitenote_category":0,"_uf_show_specific_survey":0,"_uf_disable_surveys":false,"footnotes":""},"categories":[10],"tags":[],"class_list":["post-19967","post","type-post","status-publish","format-standard","has-post-thumbnail","hentry","category-provinciadecastello"],"_links":{"self":[{"href":"https:\/\/elcafedepipa.com\/index.php\/wp-json\/wp\/v2\/posts\/19967","targetHints":{"allow":["GET"]}}],"collection":[{"href":"https:\/\/elcafedepipa.com\/index.php\/wp-json\/wp\/v2\/posts"}],"about":[{"href":"https:\/\/elcafedepipa.com\/index.php\/wp-json\/wp\/v2\/types\/post"}],"author":[{"embeddable":true,"href":"https:\/\/elcafedepipa.com\/index.php\/wp-json\/wp\/v2\/users\/2"}],"replies":[{"embeddable":true,"href":"https:\/\/elcafedepipa.com\/index.php\/wp-json\/wp\/v2\/comments?post=19967"}],"version-history":[{"count":1,"href":"https:\/\/elcafedepipa.com\/index.php\/wp-json\/wp\/v2\/posts\/19967\/revisions"}],"predecessor-version":[{"id":19969,"href":"https:\/\/elcafedepipa.com\/index.php\/wp-json\/wp\/v2\/posts\/19967\/revisions\/19969"}],"wp:featuredmedia":[{"embeddable":true,"href":"https:\/\/elcafedepipa.com\/index.php\/wp-json\/wp\/v2\/media\/19968"}],"wp:attachment":[{"href":"https:\/\/elcafedepipa.com\/index.php\/wp-json\/wp\/v2\/media?parent=19967"}],"wp:term":[{"taxonomy":"category","embeddable":true,"href":"https:\/\/elcafedepipa.com\/index.php\/wp-json\/wp\/v2\/categories?post=19967"},{"taxonomy":"post_tag","embeddable":true,"href":"https:\/\/elcafedepipa.com\/index.php\/wp-json\/wp\/v2\/tags?post=19967"}],"curies":[{"name":"wp","href":"https:\/\/api.w.org\/{rel}","templated":true}]}}