{"id":19961,"date":"2025-12-11T09:09:27","date_gmt":"2025-12-11T08:09:27","guid":{"rendered":"https:\/\/elcafedepipa.com\/?p=19961"},"modified":"2025-12-11T09:09:28","modified_gmt":"2025-12-11T08:09:28","slug":"la-guardia-civil-dete-a-onda-un-perillos-fugit-buscant-a-nivell-nacional-per-trafic-de-drogues","status":"publish","type":"post","link":"https:\/\/elcafedepipa.com\/index.php\/2025\/12\/11\/la-guardia-civil-dete-a-onda-un-perillos-fugit-buscant-a-nivell-nacional-per-trafic-de-drogues\/","title":{"rendered":"La Gu\u00e0rdia Civil det\u00e9 a Onda un perill\u00f3s fugit buscant a nivell nacional per tr\u00e0fic de drogues"},"content":{"rendered":"\n<p>La Gu\u00e0rdia Civil ha detingut a Onda un home sobre el qual pesava una ordre de cerca i captura dictada per l\u2019Audi\u00e8ncia Provincial de Castell\u00f3, que havia ordenat el seu ingr\u00e9s a pres\u00f3.<\/p>\n\n\n\n<p>El fugit es trobava en parador desconegut des d\u2019octubre de 2024 i duia una vida itinerant, allotjant-se en casetes de camp i movent-se per zones a\u00efllades. A penes mantenia contacte amb la poblaci\u00f3 i canviava sovint d\u2019ubicaci\u00f3 per evitar ser localitzat per les forces de seguretat.<\/p>\n\n\n\n<p>Les investigacions van permetre esbrinar que utilitzava diversos tel\u00e8fons m\u00f2bils, vehicles diferents i comptava amb suports externs per a ocultar-se. A finals de novembre, els agents van aconseguir situar-lo a Betx\u00ed, on es va establir un dispositiu de vigil\u00e0ncia discreta que va permetre ubicar-lo dies despr\u00e9s a les immediacions del municipi.<\/p>\n\n\n\n<p>Quan va ser localitzat, els gu\u00e0rdies civils li van donar l\u2019alto, per\u00f2 l\u2019home va fer cas om\u00eds i va emprendre una arriscada fugida, posant en perill altres usuaris de la via. Despr\u00e9s de circular per camins rurals que connecten Betx\u00ed, Vila-real i Onda, va acabar impactant contra un cami\u00f3 que realitzava labors de recol\u00b7lecci\u00f3 de c\u00edtrics. Dos treballadors van resultar ferits i van ser traslladats a un centre hospitalari.<\/p>\n\n\n\n<p>Despr\u00e9s del xoc, va intentar retrocedir amb el seu vehicle i va col\u00b7lidir contra el cotxe oficial per continuar la fugida. Tot seguit va abandonar l\u2019autom\u00f2bil i va intentar escapar a peu per camps de tarongers, per\u00f2 va ser interceptat als pocs metres despr\u00e9s d\u2019oposar una forta resist\u00e8ncia.<\/p>\n\n\n\n<p>A m\u00e9s de les requisit\u00f2ries judicials vigents, se li atribueixen els delictes d\u2019atemptat contra agent de l\u2019autoritat, desobedi\u00e8ncia, conducci\u00f3 temer\u00e0ria, lesions per imprud\u00e8ncia i dos delictes de robatori amb for\u00e7a a les localitats de Vila-real i Onda.<\/p>\n\n\n\n<p>Les dilig\u00e8ncies han sigut entregades al jutjat corresponent, el titular del qual ha ordenat el seu ingr\u00e9s a pres\u00f3.<\/p>\n\n\n\n<p>La intervenci\u00f3 ha sigut realitzada per efectius del Post Principal de la Gu\u00e0rdia Civil de Borriana.<\/p>\n","protected":false},"excerpt":{"rendered":"<p>La Gu\u00e0rdia Civil ha detingut a Onda un home sobre el qual pesava una ordre de cerca i captura dictada per l\u2019Audi\u00e8ncia Provincial de Castell\u00f3, que havia ordenat el seu ingr\u00e9s a pres\u00f3. El fugit es trobava en parador desconegut des d\u2019octubre de 2024 i duia una vida itinerant, allotjant-se en casetes de camp i &#8230; <a title=\"La Gu\u00e0rdia Civil det\u00e9 a Onda un perill\u00f3s fugit buscant a nivell nacional per tr\u00e0fic de drogues\" class=\"read-more\" href=\"https:\/\/elcafedepipa.com\/index.php\/2025\/12\/11\/la-guardia-civil-dete-a-onda-un-perillos-fugit-buscant-a-nivell-nacional-per-trafic-de-drogues\/\" aria-label=\"M\u00e9s informaci\u00f3 sobre La Gu\u00e0rdia Civil det\u00e9 a Onda un perill\u00f3s fugit buscant a nivell nacional per tr\u00e0fic de drogues\">Read more<\/a><\/p>\n","protected":false},"author":2,"featured_media":19962,"comment_status":"closed","ping_status":"closed","sticky":false,"template":"","format":"standard","meta":{"om_disable_all_campaigns":false,"_monsterinsights_skip_tracking":false,"_monsterinsights_sitenote_active":false,"_monsterinsights_sitenote_note":"","_monsterinsights_sitenote_category":0,"_uf_show_specific_survey":0,"_uf_disable_surveys":false,"footnotes":""},"categories":[10],"tags":[],"class_list":["post-19961","post","type-post","status-publish","format-standard","has-post-thumbnail","hentry","category-provinciadecastello"],"_links":{"self":[{"href":"https:\/\/elcafedepipa.com\/index.php\/wp-json\/wp\/v2\/posts\/19961","targetHints":{"allow":["GET"]}}],"collection":[{"href":"https:\/\/elcafedepipa.com\/index.php\/wp-json\/wp\/v2\/posts"}],"about":[{"href":"https:\/\/elcafedepipa.com\/index.php\/wp-json\/wp\/v2\/types\/post"}],"author":[{"embeddable":true,"href":"https:\/\/elcafedepipa.com\/index.php\/wp-json\/wp\/v2\/users\/2"}],"replies":[{"embeddable":true,"href":"https:\/\/elcafedepipa.com\/index.php\/wp-json\/wp\/v2\/comments?post=19961"}],"version-history":[{"count":1,"href":"https:\/\/elcafedepipa.com\/index.php\/wp-json\/wp\/v2\/posts\/19961\/revisions"}],"predecessor-version":[{"id":19963,"href":"https:\/\/elcafedepipa.com\/index.php\/wp-json\/wp\/v2\/posts\/19961\/revisions\/19963"}],"wp:featuredmedia":[{"embeddable":true,"href":"https:\/\/elcafedepipa.com\/index.php\/wp-json\/wp\/v2\/media\/19962"}],"wp:attachment":[{"href":"https:\/\/elcafedepipa.com\/index.php\/wp-json\/wp\/v2\/media?parent=19961"}],"wp:term":[{"taxonomy":"category","embeddable":true,"href":"https:\/\/elcafedepipa.com\/index.php\/wp-json\/wp\/v2\/categories?post=19961"},{"taxonomy":"post_tag","embeddable":true,"href":"https:\/\/elcafedepipa.com\/index.php\/wp-json\/wp\/v2\/tags?post=19961"}],"curies":[{"name":"wp","href":"https:\/\/api.w.org\/{rel}","templated":true}]}}