{"id":19958,"date":"2025-12-11T09:06:39","date_gmt":"2025-12-11T08:06:39","guid":{"rendered":"https:\/\/elcafedepipa.com\/?p=19958"},"modified":"2025-12-11T09:06:40","modified_gmt":"2025-12-11T08:06:40","slug":"nules-impulsa-el-seu-focus-dempreses-amb-un-pla-estrategic","status":"publish","type":"post","link":"https:\/\/elcafedepipa.com\/index.php\/2025\/12\/11\/nules-impulsa-el-seu-focus-dempreses-amb-un-pla-estrategic\/","title":{"rendered":"Nules impulsa el seu Focus d\u2019Empreses amb un pla estrat\u00e8gic"},"content":{"rendered":"\n<p>Nules vol refor\u00e7ar el seu Focus d\u2019Empreses i donar-li un nou impuls, per aix\u00f2 compta amb un Pla Estrat\u00e8gic que ha estat dissenyat precisament per enfortir aquest programa d\u2019emprenedoria.<\/p>\n\n\n\n<p>Aix\u00ed, aquest nou pla estrat\u00e8gic \u00e9s un pas m\u00e9s per a seguir dinamitzant aquesta aposta per l\u2019emprenedoria de l\u2019Ajuntament de Nules, que porta ja nou edicions. De manera que, la presentaci\u00f3 del pla ha estat al c\u00e0rrec del regidor de Desenvolupament Local, C\u00e9sar Esta\u00f1ol, qui ha estat acompanyat per Mar\u00eda Bellmunt, de l\u2019empresa MB Comunica encarregada d\u2019elaborar aquest pla estrat\u00e8gic, i de Nerea Safont, representant de Co-enable empresa gestora del Focus d\u2019Empreses.<\/p>\n\n\n\n<p>Entre les noves accions que es van a portar a terme, emmarcades en aquest pla estrat\u00e8gic, cal destacar la creaci\u00f3 de dos programes diferenciats, dos itineraris que es desenvoluparan en paral\u00b7lel amb metodologies adaptades a les necessitats de cadascun dels perfils emprenedors. Un dels programes anomenat \u201cAceleraci\u00f3n\u201d est\u00e0 enfocat a empreses o startups que busquen escalar i consolidar la seua posici\u00f3 en el mercat; i l\u2019altre programa es diu \u201cIncubaci\u00f3n\u201d i t\u00e9 com a objectiu validar la idea de negoci i llan\u00e7ar el projecte al mercat.<\/p>\n\n\n\n<p>No obstant aix\u00f2, ambd\u00f3s itineraris comparteixen la mateixa filosofia d\u2019impulsar l\u2019emprenedoria local mitjan\u00e7ant acompanyament professional, formaci\u00f3 pr\u00e0ctica, mentors especialitzats i visibilitat provincial. I compten amb premis econ\u00f2mics i incentius que s\u2019atorgaran a la gala final amb els quals es pret\u00e9n refor\u00e7ar el creixement real dels projectes i la seua continu\u00eftat despr\u00e9s de finalitzar el programa.<\/p>\n\n\n\n<p>En definitiva, l\u2019objectiu principal d\u2019aquesta iniciativa \u00e9s detectar i seleccionar un total de 10 projectes amb un gran potencial de creixement a la localitat, de manera que per un per\u00edode d\u2019un any els projectes seleccionats disposaran d\u2019un espai f\u00edsic on desenvolupar el negoci, d\u2019un tutor per a la realitzaci\u00f3 del pla<\/p>\n\n\n\n<p>d\u2019empresa, i de formaci\u00f3 espec\u00edfica impartida per personal especialitzat, a m\u00e9s de classes d\u2019entrenament i de finan\u00e7ament inicial per a posar en marxa l\u2019empresa.<\/p>\n\n\n\n<p>Inscripcions<\/p>\n\n\n\n<p>Les persones interessades a presentar la seua idea o projecte d\u2019empresa o negoci poden inscriure\u2019s fins al pr\u00f2xim 31 de desembre a la p\u00e0gina Natiu www.natiu.es on es pot trobar tamb\u00e9 tota la informaci\u00f3 relacionada amb el Focus d\u2019Empreses.<\/p>\n\n\n\n<p>El Focus d\u2019Empreses est\u00e0 pensat per a persones del municipi de Nules, encara que se\u2019n poden presentar d\u2019altres poblacions per\u00f2 en el cas de ser seleccionats tant la societat com l\u2019activitat hauran de ser domiciliades a Nules.<\/p>\n\n\n\n<p>Aquest projecte compta amb una gran acceptaci\u00f3 i \u00e9s una de les apostes d\u2019emprenedoria m\u00e9s importants de l\u2019Ajuntament de Nules. De fet, moltes de les propostes presentades en anteriors edicions s\u00f3n en l\u2019actualitat empreses en actiu.<\/p>\n\n\n\n<p>A m\u00e9s, es tracta d\u2019una iniciativa que ha estat pionera a la prov\u00edncia de Castell\u00f3 que compta amb el suport de la Cambra de Comer\u00e7 de Castell\u00f3, que forma part del jurat juntament amb les empreses locals patrocinadores com ara Kerab\u00e9n, Grespania, Huhtamaki o la Caixa Rural Sant Josep de Nules<\/p>\n","protected":false},"excerpt":{"rendered":"<p>Nules vol refor\u00e7ar el seu Focus d\u2019Empreses i donar-li un nou impuls, per aix\u00f2 compta amb un Pla Estrat\u00e8gic que ha estat dissenyat precisament per enfortir aquest programa d\u2019emprenedoria. Aix\u00ed, aquest nou pla estrat\u00e8gic \u00e9s un pas m\u00e9s per a seguir dinamitzant aquesta aposta per l\u2019emprenedoria de l\u2019Ajuntament de Nules, que porta ja nou edicions. &#8230; <a title=\"Nules impulsa el seu Focus d\u2019Empreses amb un pla estrat\u00e8gic\" class=\"read-more\" href=\"https:\/\/elcafedepipa.com\/index.php\/2025\/12\/11\/nules-impulsa-el-seu-focus-dempreses-amb-un-pla-estrategic\/\" aria-label=\"M\u00e9s informaci\u00f3 sobre Nules impulsa el seu Focus d\u2019Empreses amb un pla estrat\u00e8gic\">Read more<\/a><\/p>\n","protected":false},"author":2,"featured_media":19959,"comment_status":"closed","ping_status":"closed","sticky":false,"template":"","format":"standard","meta":{"om_disable_all_campaigns":false,"_monsterinsights_skip_tracking":false,"_monsterinsights_sitenote_active":false,"_monsterinsights_sitenote_note":"","_monsterinsights_sitenote_category":0,"_uf_show_specific_survey":0,"_uf_disable_surveys":false,"footnotes":""},"categories":[3],"tags":[],"class_list":["post-19958","post","type-post","status-publish","format-standard","has-post-thumbnail","hentry","category-nules"],"_links":{"self":[{"href":"https:\/\/elcafedepipa.com\/index.php\/wp-json\/wp\/v2\/posts\/19958","targetHints":{"allow":["GET"]}}],"collection":[{"href":"https:\/\/elcafedepipa.com\/index.php\/wp-json\/wp\/v2\/posts"}],"about":[{"href":"https:\/\/elcafedepipa.com\/index.php\/wp-json\/wp\/v2\/types\/post"}],"author":[{"embeddable":true,"href":"https:\/\/elcafedepipa.com\/index.php\/wp-json\/wp\/v2\/users\/2"}],"replies":[{"embeddable":true,"href":"https:\/\/elcafedepipa.com\/index.php\/wp-json\/wp\/v2\/comments?post=19958"}],"version-history":[{"count":1,"href":"https:\/\/elcafedepipa.com\/index.php\/wp-json\/wp\/v2\/posts\/19958\/revisions"}],"predecessor-version":[{"id":19960,"href":"https:\/\/elcafedepipa.com\/index.php\/wp-json\/wp\/v2\/posts\/19958\/revisions\/19960"}],"wp:featuredmedia":[{"embeddable":true,"href":"https:\/\/elcafedepipa.com\/index.php\/wp-json\/wp\/v2\/media\/19959"}],"wp:attachment":[{"href":"https:\/\/elcafedepipa.com\/index.php\/wp-json\/wp\/v2\/media?parent=19958"}],"wp:term":[{"taxonomy":"category","embeddable":true,"href":"https:\/\/elcafedepipa.com\/index.php\/wp-json\/wp\/v2\/categories?post=19958"},{"taxonomy":"post_tag","embeddable":true,"href":"https:\/\/elcafedepipa.com\/index.php\/wp-json\/wp\/v2\/tags?post=19958"}],"curies":[{"name":"wp","href":"https:\/\/api.w.org\/{rel}","templated":true}]}}