{"id":19946,"date":"2025-12-10T14:18:41","date_gmt":"2025-12-10T13:18:41","guid":{"rendered":"https:\/\/elcafedepipa.com\/?p=19946"},"modified":"2025-12-10T14:18:42","modified_gmt":"2025-12-10T13:18:42","slug":"el-ppcs-afirma-que-construix-els-recursos-socials-que-la-provincia-mereix-enfront-dun-psoe-que-lidera-amb-tania-banos-el-tancament-de-residencies","status":"publish","type":"post","link":"https:\/\/elcafedepipa.com\/index.php\/2025\/12\/10\/el-ppcs-afirma-que-construix-els-recursos-socials-que-la-provincia-mereix-enfront-dun-psoe-que-lidera-amb-tania-banos-el-tancament-de-residencies\/","title":{"rendered":"El PPCS afirma que &#8220;constru\u00efx els recursos socials que la prov\u00edncia mereix enfront d&#8217;un PSOE que lidera amb Tania Ba\u00f1os el tancament de resid\u00e8ncies&#8221;"},"content":{"rendered":"\n<p>La prov\u00edncia de Castell\u00f3 &#8220;somriu als fets&#8221; que van deixar arrere &#8220;els anuncis&#8221; i que permetran que municipis de la prov\u00edncia gaudisquen, per fi, del centre de dia o de la resid\u00e8ncia d&#8217;ancians &#8220;que mereixien fa anys&#8221;. Amb una inversi\u00f3 del Consell m\u00e9s de 25 milions d&#8217;euros es garantixen 400 noves places per a dependents.<\/p>\n\n\n\n<p>Ho afirma la secret\u00e0ria executiva d&#8217;Acci\u00f3 Social i Igualtat del PPCS, Marisa Torl\u00e0, qui lamenta que el PSOE &#8220;pretenga donar exemple quan la m\u00e0 dreta de Diana Morant, l&#8217;alcaldessa de la Vall, Tania Ba\u00f1os, es dedica a tirar el tancament a la hist\u00f2rica Llar Sagrada Fam\u00edlia&#8221;. En opini\u00f3 de Torl\u00e0, &#8220;el PSOE no sols tanca recursos p\u00fablics. \u00c9s que els fets demostren com es van passar 8 anys al capdavant del Consell amb anuncis&#8221;.<\/p>\n\n\n\n<p>&#8220;Hui constru\u00efm el que PSOE i Comprom\u00eds mai van complir&#8221;. Una etapa d&#8217;aband\u00f3 que &#8220;els ciutadans van decidir extingir en les urnes per a donar la benvinguda als fets que complixen amb les seues expectatives&#8221;.<\/p>\n\n\n\n<p>Els resultats electorals &#8220;s\u00f3n la resposta m\u00e9s clara que va donar la ciutadania&#8221; a pol\u00edtiques &#8220;que malgastaven en propaganda per\u00f2 no invertien en solucions eficaces&#8221;. Hui la prov\u00edncia veu com s&#8217;invertixen m\u00e9s de 25 milions d&#8217;euros en l&#8217;execuci\u00f3 de projectes com el de Vistabella, Teresa, Borriol, Sant Joan de Mor\u00f3, Sant Mateu, Sot de Ferrer o Castell\u00f3, aix\u00ed com s&#8217;amplien les places en centres de majors com el de Villahermosa del R\u00edo.<\/p>\n\n\n\n<p>Una acci\u00f3 pol\u00edtica &#8220;que assistix i resol&#8221;, perqu\u00e8 sap que s&#8217;invertix de manera efica\u00e7 en millores que garantixen les condicions \u00f2ptimes de centres com el que posse\u00efx Alboc\u00e0sser, Les Coves, Culla o Les Useres, o tamb\u00e9 J\u00e9rica, on s&#8217;ha invertit en la millora de les vivendes tutelades. &#8220;S&#8217;at\u00e9n la necessitat de la localitat o la comarca, no aplicant criteris ideol\u00f2gics com lamentablement van fer PSOE i Comprom\u00eds&#8221;.<\/p>\n\n\n\n<p>Esta resposta &#8220;efica\u00e7&#8221; i &#8220;responsable&#8221; amb la ciutadania \u00e9s la que &#8220;arriba de la m\u00e0 del Consell i tamb\u00e9 de la Diputaci\u00f3 de Marta Barrachina&#8221;. Perqu\u00e8 tal com ha assenyalat la secret\u00e0ria executiva d&#8217;Acci\u00f3 Social i Igualtat, &#8220;les unitats de conciliaci\u00f3 familiar que permeten a les fam\u00edlies conciliar les seues obligacions familiars i professionals es reforcen en 2026 amb una injecci\u00f3 de m\u00e9s de 96.000 euros extres que permeten superar el mili\u00f3 d&#8217;euros destinat a este programa d&#8217;acci\u00f3 social&#8221;.<\/p>\n\n\n\n<p>&#8220;L&#8217;interior torna a ser bandera i dest\u00ed de les nostres pol\u00edtiques. Creiem en ell i per aix\u00f2 creem oportunitats, servicis i desenrotllament. Les unitats respira i les aules de conciliaci\u00f3 s\u00f3n b\u00e0siques per a fixar poblaci\u00f3, perqu\u00e8 ara s\u00ed el m\u00f3n rural se sent i s&#8217;escolta, ja no el fotoreclam enfront del qual fotografiar-se&#8221;.<\/p>\n\n\n\n<p><\/p>\n","protected":false},"excerpt":{"rendered":"<p>La prov\u00edncia de Castell\u00f3 &#8220;somriu als fets&#8221; que van deixar arrere &#8220;els anuncis&#8221; i que permetran que municipis de la prov\u00edncia gaudisquen, per fi, del centre de dia o de la resid\u00e8ncia d&#8217;ancians &#8220;que mereixien fa anys&#8221;. Amb una inversi\u00f3 del Consell m\u00e9s de 25 milions d&#8217;euros es garantixen 400 noves places per a dependents. &#8230; <a title=\"El PPCS afirma que &#8220;constru\u00efx els recursos socials que la prov\u00edncia mereix enfront d&#8217;un PSOE que lidera amb Tania Ba\u00f1os el tancament de resid\u00e8ncies&#8221;\" class=\"read-more\" href=\"https:\/\/elcafedepipa.com\/index.php\/2025\/12\/10\/el-ppcs-afirma-que-construix-els-recursos-socials-que-la-provincia-mereix-enfront-dun-psoe-que-lidera-amb-tania-banos-el-tancament-de-residencies\/\" aria-label=\"M\u00e9s informaci\u00f3 sobre El PPCS afirma que &#8220;constru\u00efx els recursos socials que la prov\u00edncia mereix enfront d&#8217;un PSOE que lidera amb Tania Ba\u00f1os el tancament de resid\u00e8ncies&#8221;\">Read more<\/a><\/p>\n","protected":false},"author":2,"featured_media":19947,"comment_status":"closed","ping_status":"closed","sticky":false,"template":"","format":"standard","meta":{"om_disable_all_campaigns":false,"_monsterinsights_skip_tracking":false,"_monsterinsights_sitenote_active":false,"_monsterinsights_sitenote_note":"","_monsterinsights_sitenote_category":0,"_uf_show_specific_survey":0,"_uf_disable_surveys":false,"footnotes":""},"categories":[2,10],"tags":[],"class_list":["post-19946","post","type-post","status-publish","format-standard","has-post-thumbnail","hentry","category-lavallduixo","category-provinciadecastello"],"_links":{"self":[{"href":"https:\/\/elcafedepipa.com\/index.php\/wp-json\/wp\/v2\/posts\/19946","targetHints":{"allow":["GET"]}}],"collection":[{"href":"https:\/\/elcafedepipa.com\/index.php\/wp-json\/wp\/v2\/posts"}],"about":[{"href":"https:\/\/elcafedepipa.com\/index.php\/wp-json\/wp\/v2\/types\/post"}],"author":[{"embeddable":true,"href":"https:\/\/elcafedepipa.com\/index.php\/wp-json\/wp\/v2\/users\/2"}],"replies":[{"embeddable":true,"href":"https:\/\/elcafedepipa.com\/index.php\/wp-json\/wp\/v2\/comments?post=19946"}],"version-history":[{"count":1,"href":"https:\/\/elcafedepipa.com\/index.php\/wp-json\/wp\/v2\/posts\/19946\/revisions"}],"predecessor-version":[{"id":19948,"href":"https:\/\/elcafedepipa.com\/index.php\/wp-json\/wp\/v2\/posts\/19946\/revisions\/19948"}],"wp:featuredmedia":[{"embeddable":true,"href":"https:\/\/elcafedepipa.com\/index.php\/wp-json\/wp\/v2\/media\/19947"}],"wp:attachment":[{"href":"https:\/\/elcafedepipa.com\/index.php\/wp-json\/wp\/v2\/media?parent=19946"}],"wp:term":[{"taxonomy":"category","embeddable":true,"href":"https:\/\/elcafedepipa.com\/index.php\/wp-json\/wp\/v2\/categories?post=19946"},{"taxonomy":"post_tag","embeddable":true,"href":"https:\/\/elcafedepipa.com\/index.php\/wp-json\/wp\/v2\/tags?post=19946"}],"curies":[{"name":"wp","href":"https:\/\/api.w.org\/{rel}","templated":true}]}}