{"id":19943,"date":"2025-12-10T14:16:17","date_gmt":"2025-12-10T13:16:17","guid":{"rendered":"https:\/\/elcafedepipa.com\/?p=19943"},"modified":"2025-12-10T14:16:18","modified_gmt":"2025-12-10T13:16:18","slug":"pastor-sobre-la-reunio-en-la-moncloa-esperem-que-shagen-adonat-que-no-poden-continuar-machacant-els-valencians","status":"publish","type":"post","link":"https:\/\/elcafedepipa.com\/index.php\/2025\/12\/10\/pastor-sobre-la-reunio-en-la-moncloa-esperem-que-shagen-adonat-que-no-poden-continuar-machacant-els-valencians\/","title":{"rendered":"Pastor, sobre la reuni\u00f3 en la Moncloa: \u201cEsperem que s\u2019hagen adonat que no poden continuar machacant els valencians\u201d"},"content":{"rendered":"\n<p>El portaveu del Grup Popular en Les Corts, Fernando Pastor, ha valorat positivament que el president de la Generalitat, Juanfran P\u00e9rez Llorca, haja aconseguit \u201cen temps r\u00e8cord\u201d una reuni\u00f3 amb el president del Govern a la Moncloa, prevista per al dimecres 17 de desembre. Pastor s\u2019ha mostrat confiat que \u201ca Madrid s\u2019hagen adonat que no \u00e9s bo seguir machacant el poble valenci\u00e0\u201d.<\/p>\n\n\n\n<p>El s\u00edndic popular ha avan\u00e7at tamb\u00e9 que els dies 17, 18 i 19 de desembre els consellers del nou Consell compareixeran en Les Corts per exposar \u201cels plans de govern de cada conselleria per afrontar els problemes dels valencians i donar-los solucions\u201d, en el marc del Pacte de Les Corts.<\/p>\n\n\n\n<p>Pastor ha anunciat que en el pr\u00f2xim ple el Grup Popular presentar\u00e0 per a la seua aprovaci\u00f3 una modificaci\u00f3 del reglament parlamentari. En este sentit, ha criticat a PSPV i Comprom\u00eds per, segons ha dit, \u201cgenerar alarmismes innecessaris\u201d i ha defensat que el canvi \u00e9s senzill i que \u201cno es lleven mat\u00e8ries ni comissions\u201d, mantenint-se 12 comissions legislatives, el mateix nombre que fins ara.<\/p>\n\n\n\n<p>Segons el portaveu, la reforma suposa una reordenaci\u00f3 competencial: Drets Humans s\u2019integrar\u00e0 en la Comissi\u00f3 de Fam\u00edlia, Pol\u00edtica Social i Igualtat \u2014que tamb\u00e9 assumir\u00e0 les mat\u00e8ries LGTBI\u2014; Ocupaci\u00f3 passar\u00e0 a Ind\u00fastria; Afers Europeus s\u2019incorporar\u00e0 a Coordinaci\u00f3; i es crear\u00e0 una nova comissi\u00f3 d\u2019Innovaci\u00f3, Universitats i Desenvolupament Tecnol\u00f2gic. Pastor ha acusat PSPV i Comprom\u00eds de \u201cmentir per intentar rascar un grapat de vots\u201d.<\/p>\n\n\n\n<p><strong>\u201cVoluntat de di\u00e0leg\u201d amb les v\u00edctimes de la DANA<\/strong><\/p>\n\n\n\n<p>Respecte a la Comissi\u00f3 de la DANA, Pastor ha remarcat que es tracta d\u2019un \u00f2rgan \u201cviu i din\u00e0mic\u201d i que el pla de treball \u201cno est\u00e0 tancat\u201d. La setmana vinent continuaran les compareixences t\u00e8cniques, per\u00f2 ha defensat que \u201cel respecte i la voluntat de di\u00e0leg amb les v\u00edctimes no canvia perqu\u00e8 en lloc del dia 15 es fa\u00e7a un altre dia\u201d. En este sentit, ha posat en valor \u201cla predisposici\u00f3 al di\u00e0leg\u201d anunciada pel president P\u00e9rez Llorca.<\/p>\n\n\n\n<p>El s\u00edndic ha recordat que la Mesa de la comissi\u00f3 ha convidat totes les 17 associacions registrades i ha remarcat que \u201csi elles demanen vindre, \u00e9s m\u00e9s pertinent que si ho demana Mu\u00f1oz, que no \u00e9s portaveu de les v\u00edctimes\u201d. Pastor ha criticat que \u201cl\u2019esquerra valenciana estiga tot el dia amb aquest tema, erigint-se en representants d\u2019alguna cosa que no els correspon\u201d.<\/p>\n","protected":false},"excerpt":{"rendered":"<p>El portaveu del Grup Popular en Les Corts, Fernando Pastor, ha valorat positivament que el president de la Generalitat, Juanfran P\u00e9rez Llorca, haja aconseguit \u201cen temps r\u00e8cord\u201d una reuni\u00f3 amb el president del Govern a la Moncloa, prevista per al dimecres 17 de desembre. Pastor s\u2019ha mostrat confiat que \u201ca Madrid s\u2019hagen adonat que no &#8230; <a title=\"Pastor, sobre la reuni\u00f3 en la Moncloa: \u201cEsperem que s\u2019hagen adonat que no poden continuar machacant els valencians\u201d\" class=\"read-more\" href=\"https:\/\/elcafedepipa.com\/index.php\/2025\/12\/10\/pastor-sobre-la-reunio-en-la-moncloa-esperem-que-shagen-adonat-que-no-poden-continuar-machacant-els-valencians\/\" aria-label=\"M\u00e9s informaci\u00f3 sobre Pastor, sobre la reuni\u00f3 en la Moncloa: \u201cEsperem que s\u2019hagen adonat que no poden continuar machacant els valencians\u201d\">Read more<\/a><\/p>\n","protected":false},"author":2,"featured_media":19944,"comment_status":"closed","ping_status":"closed","sticky":false,"template":"","format":"standard","meta":{"om_disable_all_campaigns":false,"_monsterinsights_skip_tracking":false,"_monsterinsights_sitenote_active":false,"_monsterinsights_sitenote_note":"","_monsterinsights_sitenote_category":0,"_uf_show_specific_survey":0,"_uf_disable_surveys":false,"footnotes":""},"categories":[11],"tags":[],"class_list":["post-19943","post","type-post","status-publish","format-standard","has-post-thumbnail","hentry","category-comunitatvalenciana"],"_links":{"self":[{"href":"https:\/\/elcafedepipa.com\/index.php\/wp-json\/wp\/v2\/posts\/19943","targetHints":{"allow":["GET"]}}],"collection":[{"href":"https:\/\/elcafedepipa.com\/index.php\/wp-json\/wp\/v2\/posts"}],"about":[{"href":"https:\/\/elcafedepipa.com\/index.php\/wp-json\/wp\/v2\/types\/post"}],"author":[{"embeddable":true,"href":"https:\/\/elcafedepipa.com\/index.php\/wp-json\/wp\/v2\/users\/2"}],"replies":[{"embeddable":true,"href":"https:\/\/elcafedepipa.com\/index.php\/wp-json\/wp\/v2\/comments?post=19943"}],"version-history":[{"count":1,"href":"https:\/\/elcafedepipa.com\/index.php\/wp-json\/wp\/v2\/posts\/19943\/revisions"}],"predecessor-version":[{"id":19945,"href":"https:\/\/elcafedepipa.com\/index.php\/wp-json\/wp\/v2\/posts\/19943\/revisions\/19945"}],"wp:featuredmedia":[{"embeddable":true,"href":"https:\/\/elcafedepipa.com\/index.php\/wp-json\/wp\/v2\/media\/19944"}],"wp:attachment":[{"href":"https:\/\/elcafedepipa.com\/index.php\/wp-json\/wp\/v2\/media?parent=19943"}],"wp:term":[{"taxonomy":"category","embeddable":true,"href":"https:\/\/elcafedepipa.com\/index.php\/wp-json\/wp\/v2\/categories?post=19943"},{"taxonomy":"post_tag","embeddable":true,"href":"https:\/\/elcafedepipa.com\/index.php\/wp-json\/wp\/v2\/tags?post=19943"}],"curies":[{"name":"wp","href":"https:\/\/api.w.org\/{rel}","templated":true}]}}