{"id":19928,"date":"2025-12-10T13:51:37","date_gmt":"2025-12-10T12:51:37","guid":{"rendered":"https:\/\/elcafedepipa.com\/?p=19928"},"modified":"2025-12-10T13:51:38","modified_gmt":"2025-12-10T12:51:38","slug":"la-vall-duixo-sera-pionera-a-espanya-en-lus-daigua-depurada-per-al-reg","status":"publish","type":"post","link":"https:\/\/elcafedepipa.com\/index.php\/2025\/12\/10\/la-vall-duixo-sera-pionera-a-espanya-en-lus-daigua-depurada-per-al-reg\/","title":{"rendered":"La Vall d\u2019Uix\u00f3 ser\u00e0 pionera a Espanya en l\u2019\u00fas d\u2019aigua depurada per al reg"},"content":{"rendered":"\n<p><strong>Un projecte europeu a punt de finalitzar modernitza el sector agr\u00edcola, millora l\u2019efici\u00e8ncia energ\u00e8tica i beneficia prop de 900 regants del municipi<\/strong><\/p>\n\n\n\n<p>La Vall d\u2019Uix\u00f3 es troba en la fase final de les Obres de Modernitzaci\u00f3 del Regadiu en la Comunitat de Regants de la Vall d\u2019Uix\u00f3 \u2013 Fase I, impulsades pel Ministeri d\u2019Agricultura, Pesca i Alimentaci\u00f3, a trav\u00e9s de SEIASA, i incloses en el Pla de Recuperaci\u00f3, Transformaci\u00f3 i Resili\u00e8ncia, finan\u00e7at amb fons Next Generation EU i cofinan\u00e7ades per la pr\u00f2pia entitat de regants.<\/p>\n\n\n\n<p>En aquest context, hui s\u2019ha constitu\u00eft la comissi\u00f3 de seguiment del conveni regulador per a la financiaci\u00f3, construcci\u00f3, entrega, recepci\u00f3 i supervisi\u00f3 mediambiental de les obres. Despr\u00e9s de la reuni\u00f3, s\u2019ha realitzat una visita in situ als treballs, amb la participaci\u00f3 del president de SEIASA, Francisco Rodr\u00edguez Mulero; l\u2019alcaldessa de la Vall d\u2019Uix\u00f3, Tania Ba\u00f1os; el president de la Comunitat de Regants, Vicente Ambou; i la subdelegada del Govern a Castell\u00f3, Antonia Garc\u00eda.<\/p>\n\n\n\n<p>El 17 de desembre de 2025 est\u00e0 prevista la firma de l\u2019acta de recepci\u00f3 de les obres. El pressupost global del projecte ascendeix a 3.780.000 euros (m\u00e9s IVA), i ha perm\u00e9s modernitzar una superf\u00edcie agr\u00edcola de 876 hect\u00e0rees, beneficiant 899 regants del terme municipal.<\/p>\n\n\n\n<p>El projecte t\u00e9 com a objectiu principal millorar l\u2019efici\u00e8ncia energ\u00e8tica, optimitzar la gesti\u00f3 del reg i potenciar l\u2019\u00fas d\u2019aig\u00fces regenerades procedents de l\u2019EDAR de la Vall d\u2019Uix\u00f3, reduint la pressi\u00f3 sobre els recursos h\u00eddrics subterranis. Entre els objectius espec\u00edfics destaquen la maximitzaci\u00f3 de l\u2019\u00fas de l\u2019aigua depurada, la millora de la seua qualitat per al reg, la reducci\u00f3 de costos energ\u00e8tics mitjan\u00e7ant energies renovables i la implantaci\u00f3 de sistemes avan\u00e7ats de control i gesti\u00f3.<\/p>\n\n\n\n<p>Per a aix\u00f2, s\u2019ha constru\u00eft una bassa impermeabilitzada amb capacitat per a 228.754 m\u00b3, dues instal\u00b7lacions fotovoltaiques de 108 kWp i 148 kWp, s\u2019han adequat les instal\u00b7lacions de l\u2019EDAR i s\u2019ha implantat una plataforma digital de gesti\u00f3 integral.<\/p>\n\n\n\n<p>L\u2019alcaldessa, Tania Ba\u00f1os, ha agra\u00eft \u201cal Govern d\u2019Espanya i a la Comunitat de Regants l\u2019esfor\u00e7 i la col\u00b7laboraci\u00f3 que han fet possible una inversi\u00f3 tan important per al futur de la Vall d\u2019Uix\u00f3\u201d, i ha destacat \u201cla cooperaci\u00f3 entre administracions i entitats per a impulsar projectes estrat\u00e8gics\u201d.<\/p>\n\n\n\n<p>Ba\u00f1os ha subratllat que \u201cel futur passa per actuacions de modernitzaci\u00f3, digitalitzaci\u00f3, efici\u00e8ncia en l\u2019\u00fas dels recursos i sostenibilitat, especialment en un sector com l\u2019agr\u00edcola\u201d. En este sentit, ha remarcat que la Vall d\u2019Uix\u00f3 \u201cser\u00e0 pionera a Espanya en l\u2019aprofitament de l\u2019aigua depurada per al reg, cosa que permetr\u00e0 cobrir les necessitats h\u00eddriques durant els mesos d\u2019estiu i far\u00e0 m\u00e9s competitiu el sector agrari local\u201d.<\/p>\n\n\n\n<p>El projecte est\u00e0 alineat amb els objectius del Pla de Recuperaci\u00f3, Transformaci\u00f3 i Resili\u00e8ncia, en fomentar l\u2019\u00fas sostenible dels recursos naturals, impulsar la digitalitzaci\u00f3 i avan\u00e7ar cap a un model d\u2019economia circular. El 80% del cost elegible est\u00e0 finan\u00e7at per SEIASA amb fons del Mecanisme de Recuperaci\u00f3 i Resili\u00e8ncia de la Uni\u00f3 Europea, mentre que la resta l\u2019aporta la Comunitat de Regants de la Vall d\u2019Uix\u00f3.<\/p>\n","protected":false},"excerpt":{"rendered":"<p>Un projecte europeu a punt de finalitzar modernitza el sector agr\u00edcola, millora l\u2019efici\u00e8ncia energ\u00e8tica i beneficia prop de 900 regants del municipi La Vall d\u2019Uix\u00f3 es troba en la fase final de les Obres de Modernitzaci\u00f3 del Regadiu en la Comunitat de Regants de la Vall d\u2019Uix\u00f3 \u2013 Fase I, impulsades pel Ministeri d\u2019Agricultura, Pesca &#8230; <a title=\"La Vall d\u2019Uix\u00f3 ser\u00e0 pionera a Espanya en l\u2019\u00fas d\u2019aigua depurada per al reg\" class=\"read-more\" href=\"https:\/\/elcafedepipa.com\/index.php\/2025\/12\/10\/la-vall-duixo-sera-pionera-a-espanya-en-lus-daigua-depurada-per-al-reg\/\" aria-label=\"M\u00e9s informaci\u00f3 sobre La Vall d\u2019Uix\u00f3 ser\u00e0 pionera a Espanya en l\u2019\u00fas d\u2019aigua depurada per al reg\">Read more<\/a><\/p>\n","protected":false},"author":2,"featured_media":19929,"comment_status":"closed","ping_status":"closed","sticky":false,"template":"","format":"standard","meta":{"om_disable_all_campaigns":false,"_monsterinsights_skip_tracking":false,"_monsterinsights_sitenote_active":false,"_monsterinsights_sitenote_note":"","_monsterinsights_sitenote_category":0,"_uf_show_specific_survey":0,"_uf_disable_surveys":false,"footnotes":""},"categories":[2],"tags":[],"class_list":["post-19928","post","type-post","status-publish","format-standard","has-post-thumbnail","hentry","category-lavallduixo"],"_links":{"self":[{"href":"https:\/\/elcafedepipa.com\/index.php\/wp-json\/wp\/v2\/posts\/19928","targetHints":{"allow":["GET"]}}],"collection":[{"href":"https:\/\/elcafedepipa.com\/index.php\/wp-json\/wp\/v2\/posts"}],"about":[{"href":"https:\/\/elcafedepipa.com\/index.php\/wp-json\/wp\/v2\/types\/post"}],"author":[{"embeddable":true,"href":"https:\/\/elcafedepipa.com\/index.php\/wp-json\/wp\/v2\/users\/2"}],"replies":[{"embeddable":true,"href":"https:\/\/elcafedepipa.com\/index.php\/wp-json\/wp\/v2\/comments?post=19928"}],"version-history":[{"count":1,"href":"https:\/\/elcafedepipa.com\/index.php\/wp-json\/wp\/v2\/posts\/19928\/revisions"}],"predecessor-version":[{"id":19930,"href":"https:\/\/elcafedepipa.com\/index.php\/wp-json\/wp\/v2\/posts\/19928\/revisions\/19930"}],"wp:featuredmedia":[{"embeddable":true,"href":"https:\/\/elcafedepipa.com\/index.php\/wp-json\/wp\/v2\/media\/19929"}],"wp:attachment":[{"href":"https:\/\/elcafedepipa.com\/index.php\/wp-json\/wp\/v2\/media?parent=19928"}],"wp:term":[{"taxonomy":"category","embeddable":true,"href":"https:\/\/elcafedepipa.com\/index.php\/wp-json\/wp\/v2\/categories?post=19928"},{"taxonomy":"post_tag","embeddable":true,"href":"https:\/\/elcafedepipa.com\/index.php\/wp-json\/wp\/v2\/tags?post=19928"}],"curies":[{"name":"wp","href":"https:\/\/api.w.org\/{rel}","templated":true}]}}