{"id":19925,"date":"2025-12-10T12:09:47","date_gmt":"2025-12-10T11:09:47","guid":{"rendered":"https:\/\/elcafedepipa.com\/?p=19925"},"modified":"2025-12-10T12:09:48","modified_gmt":"2025-12-10T11:09:48","slug":"lajuntament-de-la-vall-duixo-impulsa-la-diversitat-cultural-amb-el-pla-dintegracio-i-convivencia","status":"publish","type":"post","link":"https:\/\/elcafedepipa.com\/index.php\/2025\/12\/10\/lajuntament-de-la-vall-duixo-impulsa-la-diversitat-cultural-amb-el-pla-dintegracio-i-convivencia\/","title":{"rendered":"L&#8217;Ajuntament de la Vall d\u2019Uix\u00f3 impulsa la diversitat cultural amb el Pla d\u2019Integraci\u00f3 i Conviv\u00e8ncia"},"content":{"rendered":"\n<p><strong>L\u2019estrat\u00e8gia es presentar\u00e0 el 18 de desembre a les 19.00 hores i donar\u00e0 inici a l&#8217;Escola de Ciutadania amb una xarrada de Yunez Chaib<\/strong><\/p>\n\n\n\n<p>El 18 de desembre es commemora el Dia de les Persones Migrants i l\u2019Ajuntament de la Vall d\u2019Uix\u00f3 dedicar\u00e0 la setmana vinent a posar el focus en la diversitat cultural, en coher\u00e8ncia amb les pol\u00edtiques socials i inclusives que impulsa el municipi. Tal com ha explicat el regidor de Serveis Socials, Jorge Marqu\u00e9s, \u201cigual que la setmana passada vam donar visibilitat i vam sensibilitzar sobre la diversitat funcional i sobre com teixir un poble on qualsevol persona puga desenvolupar el seu cicle vital, ara centrem la mirada en la diversitat cultural, perqu\u00e8 la Vall \u00e9s una ciutat acollidora, on cap tothom\u201d.<\/p>\n\n\n\n<p>En aquest context, enguany s\u2019ha elaborat i aprovat el Pla Municipal d\u2019Integraci\u00f3 i Conviv\u00e8ncia, una ferramenta estrat\u00e8gica que situa la Vall d\u2019Uix\u00f3 com a referent en pol\u00edtiques socials. El document s\u2019articula en quatre eixos de treball: l\u2019acollida i inclusi\u00f3 de les persones acabades d\u2019arribar, la cohesi\u00f3 social, la cooperaci\u00f3 amb ONGD i entitats socials i, com a novetat, el foment de la interculturalitat. \u201cEs tracta de sumar esfor\u00e7os perqu\u00e8 totes les persones siguen tractades com a iguals, evitar la creaci\u00f3 de guetos i prevenir situacions de malestar social\u201d, ha assenyalat Marqu\u00e9s, qui ha remarcat que \u201cla diversitat cultural enriqueix qualsevol societat, i d\u2019aix\u00f2 tracta aquest pla\u201d.<\/p>\n\n\n\n<p>El dijous 18 de desembre a les 19.00 hores, el Teatre Municipal Carmen Tur acollir\u00e0 la presentaci\u00f3 p\u00fablica del Pla d\u2019Integraci\u00f3 i Conviv\u00e8ncia, que alhora servir\u00e0 com a acte inaugural de l\u2019Escola de Ciutadania, una de les accions destacades d\u2019aquesta estrat\u00e8gia municipal. La primera sessi\u00f3 comptar\u00e0 amb la participaci\u00f3 de Yunez Chaib, col\u00b7laborador habitual del programa televisiu <em>La Revuelta<\/em>. A trav\u00e9s de l\u2019humor, desmuntar\u00e0 discursos d\u2019odi i racistes, oferint una mirada cr\u00edtica i esperan\u00e7adora sobre la conviv\u00e8ncia i la diversitat.<\/p>\n\n\n\n<p>L\u2019acc\u00e9s ser\u00e0 gratu\u00eft, per\u00f2 caldr\u00e0 arreplegar pr\u00e8viament l\u2019entrada al Centre Social de les Llimeres, de 9.00 a 14.00 hores. El cicle de xarrades continuar\u00e0 amb la participaci\u00f3 de persones reconegudes que compartiran experi\u00e8ncies i reflexions sobre la diversitat cultural, amb l\u2019objectiu de \u201crecon\u00e9ixer-nos en les diferents cultures que conviuen al nostre voltant i construir una ciutat m\u00e9s cohesionada i justa\u201d, ha concl\u00f2s el regidor.<\/p>\n","protected":false},"excerpt":{"rendered":"<p>L\u2019estrat\u00e8gia es presentar\u00e0 el 18 de desembre a les 19.00 hores i donar\u00e0 inici a l&#8217;Escola de Ciutadania amb una xarrada de Yunez Chaib El 18 de desembre es commemora el Dia de les Persones Migrants i l\u2019Ajuntament de la Vall d\u2019Uix\u00f3 dedicar\u00e0 la setmana vinent a posar el focus en la diversitat cultural, en &#8230; <a title=\"L&#8217;Ajuntament de la Vall d\u2019Uix\u00f3 impulsa la diversitat cultural amb el Pla d\u2019Integraci\u00f3 i Conviv\u00e8ncia\" class=\"read-more\" href=\"https:\/\/elcafedepipa.com\/index.php\/2025\/12\/10\/lajuntament-de-la-vall-duixo-impulsa-la-diversitat-cultural-amb-el-pla-dintegracio-i-convivencia\/\" aria-label=\"M\u00e9s informaci\u00f3 sobre L&#8217;Ajuntament de la Vall d\u2019Uix\u00f3 impulsa la diversitat cultural amb el Pla d\u2019Integraci\u00f3 i Conviv\u00e8ncia\">Read more<\/a><\/p>\n","protected":false},"author":2,"featured_media":19926,"comment_status":"closed","ping_status":"closed","sticky":false,"template":"","format":"standard","meta":{"om_disable_all_campaigns":false,"_monsterinsights_skip_tracking":false,"_monsterinsights_sitenote_active":false,"_monsterinsights_sitenote_note":"","_monsterinsights_sitenote_category":0,"_uf_show_specific_survey":0,"_uf_disable_surveys":false,"footnotes":""},"categories":[2],"tags":[],"class_list":["post-19925","post","type-post","status-publish","format-standard","has-post-thumbnail","hentry","category-lavallduixo"],"_links":{"self":[{"href":"https:\/\/elcafedepipa.com\/index.php\/wp-json\/wp\/v2\/posts\/19925","targetHints":{"allow":["GET"]}}],"collection":[{"href":"https:\/\/elcafedepipa.com\/index.php\/wp-json\/wp\/v2\/posts"}],"about":[{"href":"https:\/\/elcafedepipa.com\/index.php\/wp-json\/wp\/v2\/types\/post"}],"author":[{"embeddable":true,"href":"https:\/\/elcafedepipa.com\/index.php\/wp-json\/wp\/v2\/users\/2"}],"replies":[{"embeddable":true,"href":"https:\/\/elcafedepipa.com\/index.php\/wp-json\/wp\/v2\/comments?post=19925"}],"version-history":[{"count":1,"href":"https:\/\/elcafedepipa.com\/index.php\/wp-json\/wp\/v2\/posts\/19925\/revisions"}],"predecessor-version":[{"id":19927,"href":"https:\/\/elcafedepipa.com\/index.php\/wp-json\/wp\/v2\/posts\/19925\/revisions\/19927"}],"wp:featuredmedia":[{"embeddable":true,"href":"https:\/\/elcafedepipa.com\/index.php\/wp-json\/wp\/v2\/media\/19926"}],"wp:attachment":[{"href":"https:\/\/elcafedepipa.com\/index.php\/wp-json\/wp\/v2\/media?parent=19925"}],"wp:term":[{"taxonomy":"category","embeddable":true,"href":"https:\/\/elcafedepipa.com\/index.php\/wp-json\/wp\/v2\/categories?post=19925"},{"taxonomy":"post_tag","embeddable":true,"href":"https:\/\/elcafedepipa.com\/index.php\/wp-json\/wp\/v2\/tags?post=19925"}],"curies":[{"name":"wp","href":"https:\/\/api.w.org\/{rel}","templated":true}]}}