{"id":19922,"date":"2025-12-10T10:31:29","date_gmt":"2025-12-10T09:31:29","guid":{"rendered":"https:\/\/elcafedepipa.com\/?p=19922"},"modified":"2025-12-10T10:31:29","modified_gmt":"2025-12-10T09:31:29","slug":"la-unio-demana-a-la-conselleria-dagricultura-un-pla-dajudes-per-a-fomentar-el-relleu-generacional-en-el-camp-valencia","status":"publish","type":"post","link":"https:\/\/elcafedepipa.com\/index.php\/2025\/12\/10\/la-unio-demana-a-la-conselleria-dagricultura-un-pla-dajudes-per-a-fomentar-el-relleu-generacional-en-el-camp-valencia\/","title":{"rendered":"LA UNI\u00d3 demana a la Conselleria d&#8217;Agricultura un pla d&#8217;ajudes per a fomentar el relleu generacional en el camp valenci\u00e0"},"content":{"rendered":"\n<p>LA UNI\u00d3 demana a la Conselleria d&#8217;Agricultura un pla d&#8217;ajudes espec\u00edfiques a partir de 2026 per a fomentar el relleu generacional en el camp valenci\u00e0 que permeta compensar econ\u00f2micament a les persones que es jubilen i cedeixen l&#8217;explotaci\u00f3 a joves, aix\u00ed com establir ajudes durant un per\u00edode previ de transmissi\u00f3 de coneixement entre cedent (jubilat) i cessionari (jove).<\/p>\n\n\n\n<p>La l\u00ednia hauria de contemplar, d&#8217;una banda, una ajuda per a la transmissi\u00f3 de coneixements amb una compensaci\u00f3 al titular que es jubila per a mantindre contractada una persona jove durant un per\u00edode de mentoria real i acreditable. D&#8217;altra banda, una ajuda a la cessi\u00f3 de l&#8217;explotaci\u00f3 mitjan\u00e7ant una compensaci\u00f3 econ\u00f2mica \u00fanica per a la persona que renuncia a l&#8217;activitat i cedeix activament la seua explotaci\u00f3 a una persona jove llauradora o ramadera.<\/p>\n\n\n\n<p>Aquest nou programa d&#8217;ajudes per al relleu generacional ha de servir per a lluitar contra l&#8217;aband\u00f3 de terres, prioritzar en les zones d&#8217;interior i amb alt risc de despoblament, ha d&#8217;estar alineat amb els objectius del PEPAC en mat\u00e8ria de rejoveniment i viabilitat sostenible, el disseny ha d&#8217;estar adaptat a la realitat valenciana, especialment quant a minifundi, estructura productiva i explotacions de dimensi\u00f3 redu\u00efda que dif\u00edcilment trobarien relleu sense un incentiu d&#8217;aquest tipus i finalment la f\u00f3rmula d&#8217;implementaci\u00f3 ha de garantir criteris clars, transparents i accessibles, especialment per a titulars que arriben a la jubilaci\u00f3 i per a joves que vulguen instal\u00b7lar-se amb garanties.<\/p>\n\n\n\n<p>Malgrat les 677 sol\u00b7licituds de la convocat\u00f2ria d&#8217;ajudes a la primera instal\u00b7laci\u00f3 de 2025, el 50% de les persones titulars d&#8217;explotacions valencianes tenen m\u00e9s de 65 anys, mentre que nom\u00e9s el 3,1% s\u00f3n joves menors de 34 anys, segons dades del CES. Aquestes xifres situen a la Comunitat Valenciana en una situaci\u00f3 encara m\u00e9s cr\u00edtica que altres territoris de l&#8217;Estat, agreujant el risc d&#8217;aband\u00f3 de terres, la p\u00e8rdua de mosaic agrari i la desaparici\u00f3 de moltes explotacions familiars. Cal tindre en compte que si no hi ha modificacions del segon pilar de la PAC en la Comunitat Valenciana no es convocaran m\u00e9s ajudes al primer establiment de joves, com a m\u00ednim fins a 2029. \u00c9s una circumst\u00e0ncia que una Comunitat amb tant d&#8217;envelliment agrari no es pot permetre pel que el Consell ha de destinar priorit\u00e0riament recursos propis i alliberar aquelles l\u00ednies del PDR que no s\u00f3n tan priorit\u00e0ries com ho \u00e9s el relleu generacional.<\/p>\n\n\n\n<p>Altres comunitats aut\u00f2nomes han comen\u00e7at ja a reaccionar. En particular, Catalunya est\u00e0 tramitant una nova l\u00ednia d&#8217;ajudes de cooperaci\u00f3 per al relleu generacional. El model catal\u00e0 articula dues eines t\u00e8cniques que considerem perfectament aplicables al context valenci\u00e0. En primer lloc, una ajuda per a la transmissi\u00f3 de coneixement i experi\u00e8ncia de fins a 12 mensualitats de suport al cedent per a cobrir despeses de contractaci\u00f3 d&#8217;un jove en per\u00edode de mentoria de fins a un any. Tamb\u00e9, una ajuda de cooperaci\u00f3 per a la successi\u00f3 d&#8217;explotacions que es tracta d&#8217;una compensaci\u00f3 \u00fanica que pot arribar fins a 55.000 euros, calculada a partir de la Renda Unit\u00e0ria de Treball (RUT) de l&#8217;explotaci\u00f3 i destinada a compensar el cost d&#8217;oportunitat de la cessi\u00f3 definitiva.<\/p>\n\n\n\n<p>LA UNI\u00d3 considera imprescindible que la Comunitat Valenciana no es quede arrere en una q\u00fcesti\u00f3 estrat\u00e8gica, ja que el relleu generacional \u00e9s una condici\u00f3 de superviv\u00e8ncia del nostre sector agrari productiu i del territori rural. L&#8217;article 32.4 c) del Reglament (UE) 2022\/2472 autoritza expl\u00edcitament ajudes a la cooperaci\u00f3 per a la successi\u00f3 d&#8217;explotacions agr\u00edcoles, dirigides a persones llauradores i ramaderes que arriben a l&#8217;edat de jubilaci\u00f3. Aix\u00f2 situa el marc jur\u00eddic europeu com un vector adequat i completament habilitant per a desplegar una l\u00ednia auton\u00f2mica sense necessitat de nova regulaci\u00f3 valenciana espec\u00edfica. Totes aquestes ajudes s\u00f3n plenament compatibles amb el marc de la PAC 2023\u20132027 i amb la necessitat de mantindre operatives explotacions que, en cas contrari, quedarien abandonades o es desmantellarien. A m\u00e9s, la creaci\u00f3 d&#8217;aquesta mena de l\u00ednia contribuiria directament als objectius estrat\u00e8gics del PEPAC com s\u00f3n el rejoveniment agrari, augment de la viabilitat, lluita contra l&#8217;aband\u00f3 i refor\u00e7 de les explotacions com a unitat econ\u00f2mica i social essencial.<\/p>\n\n\n\n<p>Carles Peris, secretari general de LA UNI\u00d3, considera que \u201cla Comunitat Valenciana necessita adoptar mesures valentes per a no perdre m\u00e9s explotacions i persones llauradores i ramaderes. La situaci\u00f3 demogr\u00e0fica del nostre camp \u00e9s m\u00e9s preocupant que la mitjana estatal i que altres territoris que ja han actuat amb celeritat\u201d. Peris insisteix que \u201csi no s&#8217;actua ja, el relleu generacional continuar\u00e0 sent insuficient i moltes explotacions desapareixeran, generant efectes en cadena, com per exemple l&#8217;augment de l&#8217;aband\u00f3, increment del risc d&#8217;incendis, p\u00e8rdua de producci\u00f3 agroaliment\u00e0ria local i afebliment dels paisatges productius. Per aix\u00f2 pensem que la nostra proposta \u00e9s rigorosa, viable i alineada amb les directrius europees, i que pot marcar un abans i un despr\u00e9s en les pol\u00edtiques agr\u00e0ries del nostre territori\u201d.<\/p>\n","protected":false},"excerpt":{"rendered":"<p>LA UNI\u00d3 demana a la Conselleria d&#8217;Agricultura un pla d&#8217;ajudes espec\u00edfiques a partir de 2026 per a fomentar el relleu generacional en el camp valenci\u00e0 que permeta compensar econ\u00f2micament a les persones que es jubilen i cedeixen l&#8217;explotaci\u00f3 a joves, aix\u00ed com establir ajudes durant un per\u00edode previ de transmissi\u00f3 de coneixement entre cedent (jubilat) &#8230; <a title=\"LA UNI\u00d3 demana a la Conselleria d&#8217;Agricultura un pla d&#8217;ajudes per a fomentar el relleu generacional en el camp valenci\u00e0\" class=\"read-more\" href=\"https:\/\/elcafedepipa.com\/index.php\/2025\/12\/10\/la-unio-demana-a-la-conselleria-dagricultura-un-pla-dajudes-per-a-fomentar-el-relleu-generacional-en-el-camp-valencia\/\" aria-label=\"M\u00e9s informaci\u00f3 sobre LA UNI\u00d3 demana a la Conselleria d&#8217;Agricultura un pla d&#8217;ajudes per a fomentar el relleu generacional en el camp valenci\u00e0\">Read more<\/a><\/p>\n","protected":false},"author":2,"featured_media":19923,"comment_status":"closed","ping_status":"closed","sticky":false,"template":"","format":"standard","meta":{"om_disable_all_campaigns":false,"_monsterinsights_skip_tracking":false,"_monsterinsights_sitenote_active":false,"_monsterinsights_sitenote_note":"","_monsterinsights_sitenote_category":0,"_uf_show_specific_survey":0,"_uf_disable_surveys":false,"footnotes":""},"categories":[11],"tags":[],"class_list":["post-19922","post","type-post","status-publish","format-standard","has-post-thumbnail","hentry","category-comunitatvalenciana"],"_links":{"self":[{"href":"https:\/\/elcafedepipa.com\/index.php\/wp-json\/wp\/v2\/posts\/19922","targetHints":{"allow":["GET"]}}],"collection":[{"href":"https:\/\/elcafedepipa.com\/index.php\/wp-json\/wp\/v2\/posts"}],"about":[{"href":"https:\/\/elcafedepipa.com\/index.php\/wp-json\/wp\/v2\/types\/post"}],"author":[{"embeddable":true,"href":"https:\/\/elcafedepipa.com\/index.php\/wp-json\/wp\/v2\/users\/2"}],"replies":[{"embeddable":true,"href":"https:\/\/elcafedepipa.com\/index.php\/wp-json\/wp\/v2\/comments?post=19922"}],"version-history":[{"count":1,"href":"https:\/\/elcafedepipa.com\/index.php\/wp-json\/wp\/v2\/posts\/19922\/revisions"}],"predecessor-version":[{"id":19924,"href":"https:\/\/elcafedepipa.com\/index.php\/wp-json\/wp\/v2\/posts\/19922\/revisions\/19924"}],"wp:featuredmedia":[{"embeddable":true,"href":"https:\/\/elcafedepipa.com\/index.php\/wp-json\/wp\/v2\/media\/19923"}],"wp:attachment":[{"href":"https:\/\/elcafedepipa.com\/index.php\/wp-json\/wp\/v2\/media?parent=19922"}],"wp:term":[{"taxonomy":"category","embeddable":true,"href":"https:\/\/elcafedepipa.com\/index.php\/wp-json\/wp\/v2\/categories?post=19922"},{"taxonomy":"post_tag","embeddable":true,"href":"https:\/\/elcafedepipa.com\/index.php\/wp-json\/wp\/v2\/tags?post=19922"}],"curies":[{"name":"wp","href":"https:\/\/api.w.org\/{rel}","templated":true}]}}