{"id":1992,"date":"2024-06-07T14:09:48","date_gmt":"2024-06-07T12:09:48","guid":{"rendered":"https:\/\/elcafedepipa.com\/?p=1992"},"modified":"2024-06-07T14:09:50","modified_gmt":"2024-06-07T12:09:50","slug":"la-diputacio-provincial-de-castello-suma-vida-al-costat-dalcer-castalia","status":"publish","type":"post","link":"https:\/\/elcafedepipa.com\/index.php\/2024\/06\/07\/la-diputacio-provincial-de-castello-suma-vida-al-costat-dalcer-castalia\/","title":{"rendered":"La Diputaci\u00f3 Provincial de Castell\u00f3 suma vida al costat d\u2019Alcer Castalia"},"content":{"rendered":"\n<h3 class=\"wp-block-heading\" style=\"font-size:24px\"><strong>La instituci\u00f3 provincial col\u00b7labora amb l&#8217;Associaci\u00f3 per a la Lluita Contra les Malalties Renals<\/strong><\/h3>\n\n\n\n<p>La instituci\u00f3 provincial col\u00b7labora amb l&#8217;Associaci\u00f3 per a la Lluita Contra les Malalties Renals de la prov\u00edncia de Castell\u00f3 en la celebraci\u00f3 de les seues jornades anuals de sensibilitzaci\u00f3&nbsp;entorn de&nbsp;la donaci\u00f3 d&#8217;\u00f2rgans i teixits.<\/p>\n\n\n\n<p>La pla\u00e7a de Les Aules acull una s\u00e8rie d&#8217;activitats emmarcades en la setmana en la qual es commemora el Dia Nacional del Donant d&#8217;\u00d2rgans i Teixits amb el lema \u2018Suma vida, multiplica vides\u2019. \u201cUn esl\u00f2gan amb un missatge clar i directe que ens indica que amb un xicotet gest podem sanar i generar vida\u201d, ha indicat la presidenta de la Diputaci\u00f3 de Castell\u00f3, Marta&nbsp;Barrachina.<\/p>\n\n\n\n<p>La dirigent provincial ha participat en la presentaci\u00f3 de la campanya de donaci\u00f3 per a l&#8217;any en curs al costat del president d\u2019Alcer&nbsp;Castalia,&nbsp;Juan&nbsp;Dom\u00e9nech, el director m\u00e8dic de l&#8217;Hospital General de Castell\u00f3,&nbsp;Luis&nbsp;Gonz\u00e1lez, i la regidora de Benestar Social de l&#8217;Ajuntament de Castell\u00f3, Maica&nbsp;Hurtado.<\/p>\n\n\n\n<p>\u201cValorem i admirem el vostre esfor\u00e7, treball i dedicaci\u00f3\u201d, ha expressat la presidenta de la Diputaci\u00f3. Per a Marta&nbsp;Barrachina&nbsp;\u201c\u00e9s fonamental donar visibilitat a les malalties renals i conscienciar sobre la rellev\u00e0ncia que t\u00e9 la donaci\u00f3 d&#8217;\u00f2rgans\u201d i ha&nbsp;valorat&nbsp;\u201cla generositat de tots aquells ciutadans que fan possible la vida d&#8217;altres persones\u201d. \u201cDonar \u00e9s un acte que dona vida, \u00e9s un gest de solidaritat i humanitat\u201d, ha incidit la presidenta de la Diputaci\u00f3 Provincial.<\/p>\n\n\n\n<p>Abans de la presentaci\u00f3 de la campanya de donaci\u00f3, s&#8217;ha&nbsp;visitat&nbsp;a les activitats l\u00fadic-educatives que s&#8217;estan duent a terme estos dies en la pla\u00e7a de Les Aules, entre les quals es troben un joc gegant, l&#8217;Arbre de la Donaci\u00f3, un punt de salut amb mesurament de tensi\u00f3 i glucosa, i una exposici\u00f3 de les obres seleccionades en el concurs de dibuix \u2018La teua escultura\u2019. La visita institucional ha incl\u00f2s una \u2018globot\u00e0\u2019.<\/p>\n\n\n\n<p>La sessi\u00f3 d&#8217;esta vesprada contempla una donaci\u00f3 de sang en la Colla del Rei Barbut, un recorregut de motos i un concert de m\u00fasica. La programaci\u00f3 continuar\u00e0 dem\u00e0 dissabte 8 de juny amb la destacada III Carrera-marxa solid\u00e0ria per la Donaci\u00f3 d&#8217;\u00d2rgans que es desenvolupar\u00e0 dem\u00e0 a la vesprada.<\/p>\n\n\n\n<p>Alcer&nbsp;Castalia&nbsp;\u00e9s una associaci\u00f3 provincial sense \u00e0nim de lucre que des de 1981 lluita per millorar la qualitat de vida de les persones amb malaltia renal i els seus familiars, millorar la seua adaptaci\u00f3 a la malaltia i als tractaments, previndre i visibilitzar la insufici\u00e8ncia renal cr\u00f2nica i sensibilitzar la societat sobre la import\u00e0ncia de la donaci\u00f3 d&#8217;\u00f2rgans. Actualment, at\u00e9n m\u00e9s de 1.000 pacients renals a trav\u00e9s dels seus serveis i activitats, realitza accions de divulgaci\u00f3 i sensibilitzaci\u00f3 en la societat i reivindica els drets de les persones afectades.<\/p>\n","protected":false},"excerpt":{"rendered":"<p>La instituci\u00f3 provincial col\u00b7labora amb l&#8217;Associaci\u00f3 per a la Lluita Contra les Malalties Renals La instituci\u00f3 provincial col\u00b7labora amb l&#8217;Associaci\u00f3 per a la Lluita Contra les Malalties Renals de la prov\u00edncia de Castell\u00f3 en la celebraci\u00f3 de les seues jornades anuals de sensibilitzaci\u00f3&nbsp;entorn de&nbsp;la donaci\u00f3 d&#8217;\u00f2rgans i teixits. La pla\u00e7a de Les Aules acull una &#8230; <a title=\"La Diputaci\u00f3 Provincial de Castell\u00f3 suma vida al costat d\u2019Alcer Castalia\" class=\"read-more\" href=\"https:\/\/elcafedepipa.com\/index.php\/2024\/06\/07\/la-diputacio-provincial-de-castello-suma-vida-al-costat-dalcer-castalia\/\" aria-label=\"M\u00e9s informaci\u00f3 sobre La Diputaci\u00f3 Provincial de Castell\u00f3 suma vida al costat d\u2019Alcer Castalia\">Read more<\/a><\/p>\n","protected":false},"author":2,"featured_media":1996,"comment_status":"closed","ping_status":"closed","sticky":false,"template":"","format":"standard","meta":{"om_disable_all_campaigns":false,"_monsterinsights_skip_tracking":false,"_monsterinsights_sitenote_active":false,"_monsterinsights_sitenote_note":"","_monsterinsights_sitenote_category":0,"_uf_show_specific_survey":0,"_uf_disable_surveys":false,"footnotes":""},"categories":[10],"tags":[],"class_list":["post-1992","post","type-post","status-publish","format-standard","has-post-thumbnail","hentry","category-provinciadecastello"],"_links":{"self":[{"href":"https:\/\/elcafedepipa.com\/index.php\/wp-json\/wp\/v2\/posts\/1992","targetHints":{"allow":["GET"]}}],"collection":[{"href":"https:\/\/elcafedepipa.com\/index.php\/wp-json\/wp\/v2\/posts"}],"about":[{"href":"https:\/\/elcafedepipa.com\/index.php\/wp-json\/wp\/v2\/types\/post"}],"author":[{"embeddable":true,"href":"https:\/\/elcafedepipa.com\/index.php\/wp-json\/wp\/v2\/users\/2"}],"replies":[{"embeddable":true,"href":"https:\/\/elcafedepipa.com\/index.php\/wp-json\/wp\/v2\/comments?post=1992"}],"version-history":[{"count":0,"href":"https:\/\/elcafedepipa.com\/index.php\/wp-json\/wp\/v2\/posts\/1992\/revisions"}],"wp:featuredmedia":[{"embeddable":true,"href":"https:\/\/elcafedepipa.com\/index.php\/wp-json\/wp\/v2\/media\/1996"}],"wp:attachment":[{"href":"https:\/\/elcafedepipa.com\/index.php\/wp-json\/wp\/v2\/media?parent=1992"}],"wp:term":[{"taxonomy":"category","embeddable":true,"href":"https:\/\/elcafedepipa.com\/index.php\/wp-json\/wp\/v2\/categories?post=1992"},{"taxonomy":"post_tag","embeddable":true,"href":"https:\/\/elcafedepipa.com\/index.php\/wp-json\/wp\/v2\/tags?post=1992"}],"curies":[{"name":"wp","href":"https:\/\/api.w.org\/{rel}","templated":true}]}}