{"id":19919,"date":"2025-12-10T09:30:22","date_gmt":"2025-12-10T08:30:22","guid":{"rendered":"https:\/\/elcafedepipa.com\/?p=19919"},"modified":"2025-12-10T09:30:23","modified_gmt":"2025-12-10T08:30:23","slug":"dos-persones-rescatades-dun-vehicle-bolcat-en-un-accident-a-lap-7-a-laltura-dalmassora","status":"publish","type":"post","link":"https:\/\/elcafedepipa.com\/index.php\/2025\/12\/10\/dos-persones-rescatades-dun-vehicle-bolcat-en-un-accident-a-lap-7-a-laltura-dalmassora\/","title":{"rendered":"Dos persones rescatades d\u2019un vehicle bolcat en un accident a l\u2019AP-7 a l\u2019altura d\u2019Almassora"},"content":{"rendered":"\n<p>Efectius del Consorci Provincial de Bombers de Castell\u00f3 han intervingut aquest mat\u00ed en un accident de tr\u00e0nsit ocorregut a l\u2019AP-7, al terme municipal d\u2019Almassora, en qu\u00e8 un vehicle ha quedat bolcat sobre la mitjana de l\u2019autopista amb dos ocupants en el seu interior.<\/p>\n\n\n\n<p>Fins al lloc del sinistre s\u2019han despla\u00e7at dotacions del parc Plana Baixa de <em>BombersDipcas<\/em>, despr\u00e9s d\u2019activar-se l\u2019av\u00eds per la possible pres\u00e8ncia de persones atrapades. En arribar, els bombers han accedit r\u00e0pidament a l\u2019interior del vehicle volcat i han rescatat amb seguretat els dos ocupants.<\/p>\n\n\n\n<p>Finalment, no ha sigut necess\u00e0ria l\u2019excarceraci\u00f3, ja que cap dels afectats presentava atrapament f\u00edsic, tot i la posici\u00f3 del vehicle. Els serveis sanitaris han at\u00e9s les dues persones per tal de valorar el seu estat despr\u00e9s de l\u2019impacte.<\/p>\n\n\n\n<p>Les imatges difoses per Bombers de la Diputaci\u00f3 de Castell\u00f3 mostren el dispositiu de treball desplegat en la intervenci\u00f3.<\/p>\n","protected":false},"excerpt":{"rendered":"<p>Efectius del Consorci Provincial de Bombers de Castell\u00f3 han intervingut aquest mat\u00ed en un accident de tr\u00e0nsit ocorregut a l\u2019AP-7, al terme municipal d\u2019Almassora, en qu\u00e8 un vehicle ha quedat bolcat sobre la mitjana de l\u2019autopista amb dos ocupants en el seu interior. Fins al lloc del sinistre s\u2019han despla\u00e7at dotacions del parc Plana Baixa &#8230; <a title=\"Dos persones rescatades d\u2019un vehicle bolcat en un accident a l\u2019AP-7 a l\u2019altura d\u2019Almassora\" class=\"read-more\" href=\"https:\/\/elcafedepipa.com\/index.php\/2025\/12\/10\/dos-persones-rescatades-dun-vehicle-bolcat-en-un-accident-a-lap-7-a-laltura-dalmassora\/\" aria-label=\"M\u00e9s informaci\u00f3 sobre Dos persones rescatades d\u2019un vehicle bolcat en un accident a l\u2019AP-7 a l\u2019altura d\u2019Almassora\">Read more<\/a><\/p>\n","protected":false},"author":2,"featured_media":19920,"comment_status":"closed","ping_status":"closed","sticky":false,"template":"","format":"standard","meta":{"om_disable_all_campaigns":false,"_monsterinsights_skip_tracking":false,"_monsterinsights_sitenote_active":false,"_monsterinsights_sitenote_note":"","_monsterinsights_sitenote_category":0,"_uf_show_specific_survey":0,"_uf_disable_surveys":false,"footnotes":""},"categories":[10],"tags":[],"class_list":["post-19919","post","type-post","status-publish","format-standard","has-post-thumbnail","hentry","category-provinciadecastello"],"_links":{"self":[{"href":"https:\/\/elcafedepipa.com\/index.php\/wp-json\/wp\/v2\/posts\/19919","targetHints":{"allow":["GET"]}}],"collection":[{"href":"https:\/\/elcafedepipa.com\/index.php\/wp-json\/wp\/v2\/posts"}],"about":[{"href":"https:\/\/elcafedepipa.com\/index.php\/wp-json\/wp\/v2\/types\/post"}],"author":[{"embeddable":true,"href":"https:\/\/elcafedepipa.com\/index.php\/wp-json\/wp\/v2\/users\/2"}],"replies":[{"embeddable":true,"href":"https:\/\/elcafedepipa.com\/index.php\/wp-json\/wp\/v2\/comments?post=19919"}],"version-history":[{"count":1,"href":"https:\/\/elcafedepipa.com\/index.php\/wp-json\/wp\/v2\/posts\/19919\/revisions"}],"predecessor-version":[{"id":19921,"href":"https:\/\/elcafedepipa.com\/index.php\/wp-json\/wp\/v2\/posts\/19919\/revisions\/19921"}],"wp:featuredmedia":[{"embeddable":true,"href":"https:\/\/elcafedepipa.com\/index.php\/wp-json\/wp\/v2\/media\/19920"}],"wp:attachment":[{"href":"https:\/\/elcafedepipa.com\/index.php\/wp-json\/wp\/v2\/media?parent=19919"}],"wp:term":[{"taxonomy":"category","embeddable":true,"href":"https:\/\/elcafedepipa.com\/index.php\/wp-json\/wp\/v2\/categories?post=19919"},{"taxonomy":"post_tag","embeddable":true,"href":"https:\/\/elcafedepipa.com\/index.php\/wp-json\/wp\/v2\/tags?post=19919"}],"curies":[{"name":"wp","href":"https:\/\/api.w.org\/{rel}","templated":true}]}}