{"id":19916,"date":"2025-12-10T09:25:43","date_gmt":"2025-12-10T08:25:43","guid":{"rendered":"https:\/\/elcafedepipa.com\/?p=19916"},"modified":"2025-12-10T09:25:43","modified_gmt":"2025-12-10T08:25:43","slug":"marta-barrachina-enaltix-la-posada-a-la-disposicio-de-la-ciutadania-de-116-noves-places-daparcament-a-lentorn-de-lestacio-adif-de-castello-que-beneficien-al-conjunt-de-la-provincia","status":"publish","type":"post","link":"https:\/\/elcafedepipa.com\/index.php\/2025\/12\/10\/marta-barrachina-enaltix-la-posada-a-la-disposicio-de-la-ciutadania-de-116-noves-places-daparcament-a-lentorn-de-lestacio-adif-de-castello-que-beneficien-al-conjunt-de-la-provincia\/","title":{"rendered":"Marta Barrachina enaltix la posada a la disposici\u00f3 de la ciutadania de 116 noves places d&#8217;aparcament a l&#8217;entorn de l&#8217;estaci\u00f3 Adif de Castell\u00f3 \u201cque beneficien al conjunt de la prov\u00edncia\u201d"},"content":{"rendered":"\n<p>Marta Barrachina enaltix la posada a la disposici\u00f3 de la ciutadania de 116 noves places d&#8217;aparcament a l&#8217;entorn de l&#8217;estaci\u00f3 Adif de Castell\u00f3 \u201cque beneficien al conjunt de la prov\u00edncia\u201d.<\/p>\n\n\n\n<p>La presidenta de la instituci\u00f3 provincial, al costat de l&#8217;alcaldessa de Castell\u00f3, Bego\u00f1a Carrasco, ha visitat este dimarts la finalitzaci\u00f3 de l&#8217;actuaci\u00f3 consistent en la creaci\u00f3 de 116 places d&#8217;aparcament i duta a terme a trav\u00e9s del Pla Impulsa i fons de l&#8217;ajuntament. Els treballs partien amb un pressupost per a la seua execuci\u00f3 de 659.999,99 euros, cofinan\u00e7ats entre Ajuntament i instituci\u00f3 provincial i, finalment, l&#8217;adjudicaci\u00f3 dels treballs ha sigut de 593.735,99 euros, sent l&#8217;aportaci\u00f3 de la Diputaci\u00f3 de 424.471,98 euros.<\/p>\n\n\n\n<p>D&#8217;esta manera, hui s&#8217;ha obert al p\u00fablic i s&#8217;han posat a la disposici\u00f3 de la ciutadania 116 noves places d&#8217;aparcament a l&#8217;entorn de l&#8217;estaci\u00f3 de tren i d&#8217;autobusos i el CEIP Jaume I, amb una superf\u00edcie de 5.532 m\u00b2.<\/p>\n\n\n\n<p>\u201cEsta obra demostra que a trav\u00e9s del Pla Impulsa donem resposta a les demandes i necessitats dels castellonencs i, en este cas, generem m\u00e9s places d&#8217;aparcament al costat d&#8217;estaci\u00f3 de ferrocarril i dignifiquem i millorem l&#8217;entorn\u201d, ha expressat la presidenta Marta Barrachina.<\/p>\n\n\n\n<p>El Pla Impulsa de la Diputaci\u00f3 de Castell\u00f3 permet als municipis de la prov\u00edncia millorar infraestructures i serveis amb l&#8217;objectiu principal de beneficiar als castellonencs, generar m\u00e9s oportunitats i desenvolupament en el conjunt del territori. En este cas, l&#8217;obra al costat de l&#8217;estaci\u00f3 de ferrocarril de Castell\u00f3 suposa un gran impacte per als 135 municipis i els 620.000 castellonencs que utilitzen esta estaci\u00f3 per a arribar a les seues destinacions. Una actuaci\u00f3 \u201cque beneficiar\u00e0 a tots aquells que visiten Castell\u00f3 ja que \u00e9s una de les principals portes d&#8217;entrada a la nostra terra\u201d, ha incidit la dirigent provincial<\/p>\n\n\n\n<p>Les obres han consistit en l&#8217;execuci\u00f3 d&#8217;unes d\u00e0rsenes d&#8217;aparcament i una xarxa vi\u00e0ria que distribu\u00efsquen el tr\u00e0nsit fins a les diferents zones d&#8217;aparcament, sent 116 el nombre de places d&#8217;aparcament creats. La superf\u00edcie d&#8217;actuaci\u00f3 aconseguix els 5.532 m\u00b2. Aix\u00ed mateix, cal destacar que la nova zona d&#8217;aparcament compta amb un sistema de drenatge sostenible SUDS, a m\u00e9s de 758 m\u00b2 de zona verdes, amb 750 plantes; 28 arbres. Tamb\u00e9 s&#8217;han instal\u00b7lat 27 llumin\u00e0ries, bancs, papereres, aparcabicis i 2 punts per a rec\u00e0rrega el\u00e8ctrica, a m\u00e9s de 6 places reservades per a persones amb mobilitat redu\u00efda.<\/p>\n\n\n\n<p>La presidenta de la Diputaci\u00f3 ha posat en valor el treball conjunt i la col\u00b7laboraci\u00f3 entre administracions encaminat a beneficiar als ve\u00efns i ve\u00efnes de la prov\u00edncia \u201ci en eixe cam\u00ed continuarem treballant, al costat dels ajuntaments dels 135 municipis, per a actuar d&#8217;una manera m\u00e9s efica\u00e7 i sempre en benefici dels castellonencs\u201d, ha afegit Marta Barrachina.<\/p>\n\n\n\n<p>L&#8217;alcaldessa de Castell\u00f3, Bego\u00f1a Carrasco, tamb\u00e9 ha posat l&#8217;accent en \u201cla import\u00e0ncia de la col\u00b7laboraci\u00f3 entre institucions, en este cas l&#8217;Ajuntament de Castell\u00f3 i la Diputaci\u00f3 de Castell\u00f3, que es posen a treballar de manera conjunta per a donar resposta a les demandes dels nostres ciutadans\u201d.<\/p>\n\n\n\n<p>\u201cEn este cas hem pogut desbloquejar unes obres que feia massa anys que estaven reclamant els ve\u00efns de l&#8217;entorn de l&#8217;estaci\u00f3 d&#8217;Adif i el CEIP Jaume I. Per este motiu, cal agrair, una vegada m\u00e9s, la col\u00b7laboraci\u00f3 que rebem des de la instituci\u00f3 provincial i de la seua presidenta Marta Barrachina, cap a la capital\u201d, ha recalcat Carrasco<\/p>\n","protected":false},"excerpt":{"rendered":"<p>Marta Barrachina enaltix la posada a la disposici\u00f3 de la ciutadania de 116 noves places d&#8217;aparcament a l&#8217;entorn de l&#8217;estaci\u00f3 Adif de Castell\u00f3 \u201cque beneficien al conjunt de la prov\u00edncia\u201d. La presidenta de la instituci\u00f3 provincial, al costat de l&#8217;alcaldessa de Castell\u00f3, Bego\u00f1a Carrasco, ha visitat este dimarts la finalitzaci\u00f3 de l&#8217;actuaci\u00f3 consistent en la &#8230; <a title=\"Marta Barrachina enaltix la posada a la disposici\u00f3 de la ciutadania de 116 noves places d&#8217;aparcament a l&#8217;entorn de l&#8217;estaci\u00f3 Adif de Castell\u00f3 \u201cque beneficien al conjunt de la prov\u00edncia\u201d\" class=\"read-more\" href=\"https:\/\/elcafedepipa.com\/index.php\/2025\/12\/10\/marta-barrachina-enaltix-la-posada-a-la-disposicio-de-la-ciutadania-de-116-noves-places-daparcament-a-lentorn-de-lestacio-adif-de-castello-que-beneficien-al-conjunt-de-la-provincia\/\" aria-label=\"M\u00e9s informaci\u00f3 sobre Marta Barrachina enaltix la posada a la disposici\u00f3 de la ciutadania de 116 noves places d&#8217;aparcament a l&#8217;entorn de l&#8217;estaci\u00f3 Adif de Castell\u00f3 \u201cque beneficien al conjunt de la prov\u00edncia\u201d\">Read more<\/a><\/p>\n","protected":false},"author":2,"featured_media":19917,"comment_status":"closed","ping_status":"closed","sticky":false,"template":"","format":"standard","meta":{"om_disable_all_campaigns":false,"_monsterinsights_skip_tracking":false,"_monsterinsights_sitenote_active":false,"_monsterinsights_sitenote_note":"","_monsterinsights_sitenote_category":0,"_uf_show_specific_survey":0,"_uf_disable_surveys":false,"footnotes":""},"categories":[10],"tags":[],"class_list":["post-19916","post","type-post","status-publish","format-standard","has-post-thumbnail","hentry","category-provinciadecastello"],"_links":{"self":[{"href":"https:\/\/elcafedepipa.com\/index.php\/wp-json\/wp\/v2\/posts\/19916","targetHints":{"allow":["GET"]}}],"collection":[{"href":"https:\/\/elcafedepipa.com\/index.php\/wp-json\/wp\/v2\/posts"}],"about":[{"href":"https:\/\/elcafedepipa.com\/index.php\/wp-json\/wp\/v2\/types\/post"}],"author":[{"embeddable":true,"href":"https:\/\/elcafedepipa.com\/index.php\/wp-json\/wp\/v2\/users\/2"}],"replies":[{"embeddable":true,"href":"https:\/\/elcafedepipa.com\/index.php\/wp-json\/wp\/v2\/comments?post=19916"}],"version-history":[{"count":1,"href":"https:\/\/elcafedepipa.com\/index.php\/wp-json\/wp\/v2\/posts\/19916\/revisions"}],"predecessor-version":[{"id":19918,"href":"https:\/\/elcafedepipa.com\/index.php\/wp-json\/wp\/v2\/posts\/19916\/revisions\/19918"}],"wp:featuredmedia":[{"embeddable":true,"href":"https:\/\/elcafedepipa.com\/index.php\/wp-json\/wp\/v2\/media\/19917"}],"wp:attachment":[{"href":"https:\/\/elcafedepipa.com\/index.php\/wp-json\/wp\/v2\/media?parent=19916"}],"wp:term":[{"taxonomy":"category","embeddable":true,"href":"https:\/\/elcafedepipa.com\/index.php\/wp-json\/wp\/v2\/categories?post=19916"},{"taxonomy":"post_tag","embeddable":true,"href":"https:\/\/elcafedepipa.com\/index.php\/wp-json\/wp\/v2\/tags?post=19916"}],"curies":[{"name":"wp","href":"https:\/\/api.w.org\/{rel}","templated":true}]}}