{"id":19910,"date":"2025-12-10T09:12:17","date_gmt":"2025-12-10T08:12:17","guid":{"rendered":"https:\/\/elcafedepipa.com\/?p=19910"},"modified":"2025-12-10T09:12:17","modified_gmt":"2025-12-10T08:12:17","slug":"nules-posa-en-marxa-el-nou-servei-de-neteja-viaria","status":"publish","type":"post","link":"https:\/\/elcafedepipa.com\/index.php\/2025\/12\/10\/nules-posa-en-marxa-el-nou-servei-de-neteja-viaria\/","title":{"rendered":"Nules posa en marxa el nou servei de neteja vi\u00e0ria"},"content":{"rendered":"\n<p>Aquest mes de desembre s\u2019ha posat en marxa a Nules el nou servei de neteja vi\u00e0ria amb importants novetats per a la millora de la neteja del municipi. Aix\u00ed, un dels canvis m\u00e9s significatius \u00e9s la implantaci\u00f3 de dos escombradores el\u00e8ctriques, ecol\u00f2giques i silencioses que tenen rutes di\u00e0ries per poder passar per tots els espais p\u00fablics municipals, carrers, parcs i jardins.<\/p>\n\n\n\n<p>De fet, aquest servei s\u2019implementa amb dos persones per escombradora, una d\u2019elles neteja a peu amb una bufadora per a que la recollida siga m\u00e9s eficient, a m\u00e9s el treball d\u2019aquesta persona permet netejar els espais puntals que no s\u2019assoleix amb l\u2019escombradora.<\/p>\n\n\n\n<p>Per altra banda, aquest nou servei de neteja disposa de control de rutes per a comprovar les zones que es netegen di\u00e0riament; aix\u00ed mateix el que la gent deixa fora dels contenidors de manera inc\u00edvica es neteja tamb\u00e9 de forma di\u00e0ria; igual que el buidatge de papereres.<\/p>\n\n\n\n<p>L\u2019Ajuntament de Nules ha adjudicat aquest servei a l\u2019empresa Fomento de Benicasim SA (FOBESA) per un per\u00edode de tres anys, i per un import total d\u20191.062.435,99 euros, sent la quantia anual del contracte de 354.145,33 euros.<\/p>\n\n\n\n<p>Cal destacar que, aquest servei inclou a m\u00e9s de la neteja general de vials p\u00fablics; el servei d\u2019eliminaci\u00f3 de residus especials com ara herbes i vegetaci\u00f3, taques i residus adhesius, o pintades i cartells no autoritzats; manteniment i baldeig; buidat de papereres; neteja d\u2019emerg\u00e8ncies; manteniment de mobiliari urb\u00e0; o l\u2019atenci\u00f3 a esdeveniments i actes festius.<\/p>\n\n\n\n<p>Des de la regidoria de Medi Ambient s\u2019assenyala, al respecte, que \u201camb el canvi d\u2019empresa concession\u00e0ria i amb el canvi del sistema del servei es vol millorar la neteja tan de la poblaci\u00f3 de Nules, de Mascarell, de la zona mar\u00edtima com dels pol\u00edgons industrials\u201d, apunta C\u00e9sar Esta\u00f1ol.<\/p>\n\n\n\n<p><\/p>\n","protected":false},"excerpt":{"rendered":"<p>Aquest mes de desembre s\u2019ha posat en marxa a Nules el nou servei de neteja vi\u00e0ria amb importants novetats per a la millora de la neteja del municipi. Aix\u00ed, un dels canvis m\u00e9s significatius \u00e9s la implantaci\u00f3 de dos escombradores el\u00e8ctriques, ecol\u00f2giques i silencioses que tenen rutes di\u00e0ries per poder passar per tots els espais &#8230; <a title=\"Nules posa en marxa el nou servei de neteja vi\u00e0ria\" class=\"read-more\" href=\"https:\/\/elcafedepipa.com\/index.php\/2025\/12\/10\/nules-posa-en-marxa-el-nou-servei-de-neteja-viaria\/\" aria-label=\"M\u00e9s informaci\u00f3 sobre Nules posa en marxa el nou servei de neteja vi\u00e0ria\">Read more<\/a><\/p>\n","protected":false},"author":2,"featured_media":19911,"comment_status":"closed","ping_status":"closed","sticky":false,"template":"","format":"standard","meta":{"om_disable_all_campaigns":false,"_monsterinsights_skip_tracking":false,"_monsterinsights_sitenote_active":false,"_monsterinsights_sitenote_note":"","_monsterinsights_sitenote_category":0,"_uf_show_specific_survey":0,"_uf_disable_surveys":false,"footnotes":""},"categories":[3],"tags":[],"class_list":["post-19910","post","type-post","status-publish","format-standard","has-post-thumbnail","hentry","category-nules"],"_links":{"self":[{"href":"https:\/\/elcafedepipa.com\/index.php\/wp-json\/wp\/v2\/posts\/19910","targetHints":{"allow":["GET"]}}],"collection":[{"href":"https:\/\/elcafedepipa.com\/index.php\/wp-json\/wp\/v2\/posts"}],"about":[{"href":"https:\/\/elcafedepipa.com\/index.php\/wp-json\/wp\/v2\/types\/post"}],"author":[{"embeddable":true,"href":"https:\/\/elcafedepipa.com\/index.php\/wp-json\/wp\/v2\/users\/2"}],"replies":[{"embeddable":true,"href":"https:\/\/elcafedepipa.com\/index.php\/wp-json\/wp\/v2\/comments?post=19910"}],"version-history":[{"count":1,"href":"https:\/\/elcafedepipa.com\/index.php\/wp-json\/wp\/v2\/posts\/19910\/revisions"}],"predecessor-version":[{"id":19912,"href":"https:\/\/elcafedepipa.com\/index.php\/wp-json\/wp\/v2\/posts\/19910\/revisions\/19912"}],"wp:featuredmedia":[{"embeddable":true,"href":"https:\/\/elcafedepipa.com\/index.php\/wp-json\/wp\/v2\/media\/19911"}],"wp:attachment":[{"href":"https:\/\/elcafedepipa.com\/index.php\/wp-json\/wp\/v2\/media?parent=19910"}],"wp:term":[{"taxonomy":"category","embeddable":true,"href":"https:\/\/elcafedepipa.com\/index.php\/wp-json\/wp\/v2\/categories?post=19910"},{"taxonomy":"post_tag","embeddable":true,"href":"https:\/\/elcafedepipa.com\/index.php\/wp-json\/wp\/v2\/tags?post=19910"}],"curies":[{"name":"wp","href":"https:\/\/api.w.org\/{rel}","templated":true}]}}