{"id":19907,"date":"2025-12-10T09:10:34","date_gmt":"2025-12-10T08:10:34","guid":{"rendered":"https:\/\/elcafedepipa.com\/?p=19907"},"modified":"2025-12-10T09:10:35","modified_gmt":"2025-12-10T08:10:35","slug":"la-vall-duixo-presenta-una-setmana-cultural-amb-musica-a-la-llum-dels-ciris-i-una-exposicio-dartistes-afectats-per-la-dana","status":"publish","type":"post","link":"https:\/\/elcafedepipa.com\/index.php\/2025\/12\/10\/la-vall-duixo-presenta-una-setmana-cultural-amb-musica-a-la-llum-dels-ciris-i-una-exposicio-dartistes-afectats-per-la-dana\/","title":{"rendered":"La Vall d\u2019Uix\u00f3 presenta una setmana cultural\u00a0amb m\u00fasica a la llum dels ciris i una exposici\u00f3 d\u2019artistes afectats per la DANA"},"content":{"rendered":"\n<h3 class=\"wp-block-heading\"><strong>El cicle&nbsp;<\/strong><strong>a l\u2019estil candlelight<\/strong><strong>&nbsp;torna amb&nbsp;<\/strong><strong>dos de dies de concerts i<\/strong><strong>&nbsp;s\u2019inaugura&nbsp;<\/strong><strong>la mostra \u2018Terra Eixuta\u2019 a l\u2019Auditori<\/strong><\/h3>\n\n\n\n<p>L\u2019Ajuntament de la Vall d\u2019Uix\u00f3 ha presentat una programaci\u00f3 cultural de gran qualitat per a esta setmana, amb dues propostes pr\u00f2pies que reforcen el projecte&nbsp;<strong>Amor a les Arts<\/strong>&nbsp;i consoliden una&nbsp;<strong>cultura diversa, accessible, arrelada al territori, participativa i oberta<\/strong>.<\/p>\n\n\n\n<p>D\u2019una banda, arriba la segona edici\u00f3 del cicle&nbsp;<strong>\u2018Llum de la Vall. M\u00fasica a la llum dels ciris\u2019<\/strong>, que se celebrar\u00e0 el&nbsp;<strong>divendres 12 i dissabte 13 de desembre<\/strong>&nbsp;al Teatre Municipal Carmen Tur, amb acc\u00e9s lliure i gratu\u00eft fins completar aforament.<\/p>\n\n\n\n<p><br>El divendres a les&nbsp;<strong>22.30 hores<\/strong>&nbsp;s\u2019obrir\u00e0 amb \u2018<strong>Tangos\u2019<\/strong>&nbsp;(<em>Carles Pons, Orlando di Bello i Anal\u00eda Buetti<\/em>). El dissabte a les&nbsp;<strong>19.00 hores<\/strong>, \u2018<strong>Trompet\u00edsimo\u2019<\/strong>&nbsp;(<em>Vicente Campos, Sergio P\u00e9rez i Atsuko Takano<\/em>). I a les&nbsp;<strong>22.30 hores<\/strong>, \u2018<strong>Guitarra espa<\/strong><strong>nyola<\/strong><strong>&nbsp;y dan<\/strong><strong>s<\/strong><strong>a\u2019<\/strong>&nbsp;(<em>Ver\u00f3nica V\u00edtova i Petr V\u00edct<\/em>).<\/p>\n\n\n\n<p>El regidor de Cultura,&nbsp;<strong>Jorge Marqu\u00e9s<\/strong>, ha explicat que estos espectacles&nbsp;a l\u2019estil&nbsp;<em>candlelight<\/em>&nbsp;busquen \u201c<strong>apropar la cultura&nbsp;<\/strong><strong>a la ciutadania<\/strong><strong>&nbsp;en un entorn c\u00e0lid, pr\u00f2xim i \u00edntim, i portar a la Vall g\u00e8neres que no sempre es poden gaudir durant l\u2019any<\/strong>\u201d.<\/p>\n\n\n\n<p>D\u2019altra banda, el&nbsp;<strong>dijous 11 de desembre a les 19.30 hores<\/strong>, s\u2019inaugurar\u00e0 al hall de l\u2019Auditori l\u2019exposici\u00f3&nbsp;<strong>\u2018Terra Eixuta\u2019<\/strong>, que reunix obra de&nbsp;<strong>13 pintors i escultors de municipis afectats per la DANA<\/strong>. Marqu\u00e9s ha destacat que la mostra \u201c<strong>\u00e9s un suport als artistes que van patir les conseq\u00fc\u00e8ncies d\u2019esta cat\u00e0strofe i un homenatge a les v\u00edctimes<\/strong>\u201d.<\/p>\n\n\n\n<p>L\u2019exposici\u00f3 es podr\u00e0 visitar fins al mes de&nbsp;<strong>febrer<\/strong>&nbsp;a l\u2019Auditori, i el&nbsp;seu&nbsp;gest art\u00edstic&nbsp;\u00e9s&nbsp;<strong>un dispositiu de pensament i mediaci\u00f3 que activa noves lectures del territori i de la seua hist\u00f2ria recent<\/strong>\u201d.&nbsp;Abans de la inauguraci\u00f3, a les&nbsp;<strong>18.30 hores<\/strong>, tindr\u00e0 lloc un&nbsp;<strong>concert del clarinetista valler Sergio Gracia<\/strong>, tamb\u00e9 d\u2019acc\u00e9s lliure i gratu\u00eft.<\/p>\n","protected":false},"excerpt":{"rendered":"<p>El cicle&nbsp;a l\u2019estil candlelight&nbsp;torna amb&nbsp;dos de dies de concerts i&nbsp;s\u2019inaugura&nbsp;la mostra \u2018Terra Eixuta\u2019 a l\u2019Auditori L\u2019Ajuntament de la Vall d\u2019Uix\u00f3 ha presentat una programaci\u00f3 cultural de gran qualitat per a esta setmana, amb dues propostes pr\u00f2pies que reforcen el projecte&nbsp;Amor a les Arts&nbsp;i consoliden una&nbsp;cultura diversa, accessible, arrelada al territori, participativa i oberta. D\u2019una banda, &#8230; <a title=\"La Vall d\u2019Uix\u00f3 presenta una setmana cultural\u00a0amb m\u00fasica a la llum dels ciris i una exposici\u00f3 d\u2019artistes afectats per la DANA\" class=\"read-more\" href=\"https:\/\/elcafedepipa.com\/index.php\/2025\/12\/10\/la-vall-duixo-presenta-una-setmana-cultural-amb-musica-a-la-llum-dels-ciris-i-una-exposicio-dartistes-afectats-per-la-dana\/\" aria-label=\"M\u00e9s informaci\u00f3 sobre La Vall d\u2019Uix\u00f3 presenta una setmana cultural\u00a0amb m\u00fasica a la llum dels ciris i una exposici\u00f3 d\u2019artistes afectats per la DANA\">Read more<\/a><\/p>\n","protected":false},"author":2,"featured_media":19908,"comment_status":"closed","ping_status":"closed","sticky":false,"template":"","format":"standard","meta":{"om_disable_all_campaigns":false,"_monsterinsights_skip_tracking":false,"_monsterinsights_sitenote_active":false,"_monsterinsights_sitenote_note":"","_monsterinsights_sitenote_category":0,"_uf_show_specific_survey":0,"_uf_disable_surveys":false,"footnotes":""},"categories":[2],"tags":[],"class_list":["post-19907","post","type-post","status-publish","format-standard","has-post-thumbnail","hentry","category-lavallduixo"],"_links":{"self":[{"href":"https:\/\/elcafedepipa.com\/index.php\/wp-json\/wp\/v2\/posts\/19907","targetHints":{"allow":["GET"]}}],"collection":[{"href":"https:\/\/elcafedepipa.com\/index.php\/wp-json\/wp\/v2\/posts"}],"about":[{"href":"https:\/\/elcafedepipa.com\/index.php\/wp-json\/wp\/v2\/types\/post"}],"author":[{"embeddable":true,"href":"https:\/\/elcafedepipa.com\/index.php\/wp-json\/wp\/v2\/users\/2"}],"replies":[{"embeddable":true,"href":"https:\/\/elcafedepipa.com\/index.php\/wp-json\/wp\/v2\/comments?post=19907"}],"version-history":[{"count":1,"href":"https:\/\/elcafedepipa.com\/index.php\/wp-json\/wp\/v2\/posts\/19907\/revisions"}],"predecessor-version":[{"id":19909,"href":"https:\/\/elcafedepipa.com\/index.php\/wp-json\/wp\/v2\/posts\/19907\/revisions\/19909"}],"wp:featuredmedia":[{"embeddable":true,"href":"https:\/\/elcafedepipa.com\/index.php\/wp-json\/wp\/v2\/media\/19908"}],"wp:attachment":[{"href":"https:\/\/elcafedepipa.com\/index.php\/wp-json\/wp\/v2\/media?parent=19907"}],"wp:term":[{"taxonomy":"category","embeddable":true,"href":"https:\/\/elcafedepipa.com\/index.php\/wp-json\/wp\/v2\/categories?post=19907"},{"taxonomy":"post_tag","embeddable":true,"href":"https:\/\/elcafedepipa.com\/index.php\/wp-json\/wp\/v2\/tags?post=19907"}],"curies":[{"name":"wp","href":"https:\/\/api.w.org\/{rel}","templated":true}]}}