{"id":19877,"date":"2025-12-09T13:19:56","date_gmt":"2025-12-09T12:19:56","guid":{"rendered":"https:\/\/elcafedepipa.com\/?p=19877"},"modified":"2025-12-09T13:27:23","modified_gmt":"2025-12-09T12:27:23","slug":"perez-llorca-ha-participat-en-els-encuentros-ser-radio-valencia","status":"publish","type":"post","link":"https:\/\/elcafedepipa.com\/index.php\/2025\/12\/09\/perez-llorca-ha-participat-en-els-encuentros-ser-radio-valencia\/","title":{"rendered":"Podcast | Entrevista a P\u00e9rez Llorca \u201cEncuentros Ser Radio Valencia\u201d."},"content":{"rendered":"\n<p>El cap del Consell ha repassat les l\u00ednies estrat\u00e8giques del seu govern, aix\u00ed com la defensa de les necessitats i interessos de la Comunitat Valenciana.<\/p>\n\n\n\n<p>El president de la Generalitat, Juanfran P\u00e9rez Llorca, ha participat en els \u201cEncuentros Ser\u201d organitzats per Radio Valencia, on ha repassat les l\u00ednies estrat\u00e8giques del Govern valenci\u00e0, aix\u00ed com la defensa de les necessitats i interessos de la Comunitat Valenciana.<\/p>\n\n\n\n<p>El cap del Consell ha subratllat l\u2019aposta per prioritzar l\u2019ocupaci\u00f3 i l\u2019habitatge, continuar impulsant una pol\u00edtica fiscal de baixada d\u2019impostos per a les rendes mitjanes i baixes, el suport a sectors estrat\u00e8gics com l\u2019agricultura, la gratu\u00eftat i universalitat de l\u2019educaci\u00f3 de 0 a 3 anys, i la llibertat educativa, entre altres.<\/p>\n\n\n\n<p>Aix\u00ed mateix, ha apostat per continuar treballant en la recuperaci\u00f3 f\u00edsica i moral de les zones afectades per les riuades i millorar la coordinaci\u00f3 entre administracions per agilitar la reconstrucci\u00f3.<\/p>\n\n\n\n<p>P\u00e9rez Llorca tamb\u00e9 ha ressaltat la necessitat d\u2019afrontar un nou model de finan\u00e7ament auton\u00f2mic per a la Comunitat Valenciana a trav\u00e9s del di\u00e0leg per a aconseguir un acord.<\/p>\n\n\n\n<figure class=\"wp-block-embed is-type-video is-provider-youtube wp-block-embed-youtube wp-embed-aspect-16-9 wp-has-aspect-ratio\"><div class=\"wp-block-embed__wrapper\">\n<iframe title=\"Juanfran P\u00e9rez Llorca president de la Generalitat, protagonista de Encuentros SER\" width=\"1200\" height=\"675\" src=\"https:\/\/www.youtube.com\/embed\/dnpVv9JV0MM?feature=oembed\" frameborder=\"0\" allow=\"accelerometer; autoplay; clipboard-write; encrypted-media; gyroscope; picture-in-picture; web-share\" referrerpolicy=\"strict-origin-when-cross-origin\" allowfullscreen><\/iframe>\n<\/div><\/figure>\n","protected":false},"excerpt":{"rendered":"<p>El cap del Consell ha repassat les l\u00ednies estrat\u00e8giques del seu govern, aix\u00ed com la defensa de les necessitats i interessos de la Comunitat Valenciana. El president de la Generalitat, Juanfran P\u00e9rez Llorca, ha participat en els \u201cEncuentros Ser\u201d organitzats per Radio Valencia, on ha repassat les l\u00ednies estrat\u00e8giques del Govern valenci\u00e0, aix\u00ed com la &#8230; <a title=\"Podcast | Entrevista a P\u00e9rez Llorca \u201cEncuentros Ser Radio Valencia\u201d.\" class=\"read-more\" href=\"https:\/\/elcafedepipa.com\/index.php\/2025\/12\/09\/perez-llorca-ha-participat-en-els-encuentros-ser-radio-valencia\/\" aria-label=\"M\u00e9s informaci\u00f3 sobre Podcast | Entrevista a P\u00e9rez Llorca \u201cEncuentros Ser Radio Valencia\u201d.\">Read more<\/a><\/p>\n","protected":false},"author":2,"featured_media":19878,"comment_status":"closed","ping_status":"closed","sticky":false,"template":"","format":"standard","meta":{"om_disable_all_campaigns":false,"_monsterinsights_skip_tracking":false,"_monsterinsights_sitenote_active":false,"_monsterinsights_sitenote_note":"","_monsterinsights_sitenote_category":0,"_uf_show_specific_survey":0,"_uf_disable_surveys":false,"footnotes":""},"categories":[11],"tags":[],"class_list":["post-19877","post","type-post","status-publish","format-standard","has-post-thumbnail","hentry","category-comunitatvalenciana"],"_links":{"self":[{"href":"https:\/\/elcafedepipa.com\/index.php\/wp-json\/wp\/v2\/posts\/19877","targetHints":{"allow":["GET"]}}],"collection":[{"href":"https:\/\/elcafedepipa.com\/index.php\/wp-json\/wp\/v2\/posts"}],"about":[{"href":"https:\/\/elcafedepipa.com\/index.php\/wp-json\/wp\/v2\/types\/post"}],"author":[{"embeddable":true,"href":"https:\/\/elcafedepipa.com\/index.php\/wp-json\/wp\/v2\/users\/2"}],"replies":[{"embeddable":true,"href":"https:\/\/elcafedepipa.com\/index.php\/wp-json\/wp\/v2\/comments?post=19877"}],"version-history":[{"count":3,"href":"https:\/\/elcafedepipa.com\/index.php\/wp-json\/wp\/v2\/posts\/19877\/revisions"}],"predecessor-version":[{"id":19882,"href":"https:\/\/elcafedepipa.com\/index.php\/wp-json\/wp\/v2\/posts\/19877\/revisions\/19882"}],"wp:featuredmedia":[{"embeddable":true,"href":"https:\/\/elcafedepipa.com\/index.php\/wp-json\/wp\/v2\/media\/19878"}],"wp:attachment":[{"href":"https:\/\/elcafedepipa.com\/index.php\/wp-json\/wp\/v2\/media?parent=19877"}],"wp:term":[{"taxonomy":"category","embeddable":true,"href":"https:\/\/elcafedepipa.com\/index.php\/wp-json\/wp\/v2\/categories?post=19877"},{"taxonomy":"post_tag","embeddable":true,"href":"https:\/\/elcafedepipa.com\/index.php\/wp-json\/wp\/v2\/tags?post=19877"}],"curies":[{"name":"wp","href":"https:\/\/api.w.org\/{rel}","templated":true}]}}