{"id":19874,"date":"2025-12-09T12:46:09","date_gmt":"2025-12-09T11:46:09","guid":{"rendered":"https:\/\/elcafedepipa.com\/?p=19874"},"modified":"2025-12-09T12:46:10","modified_gmt":"2025-12-09T11:46:10","slug":"el-pspv-psoe-alerta-que-la-fi-del-convivint-trenca-el-projecte-de-vida-de-milers-de-persones-majors","status":"publish","type":"post","link":"https:\/\/elcafedepipa.com\/index.php\/2025\/12\/09\/el-pspv-psoe-alerta-que-la-fi-del-convivint-trenca-el-projecte-de-vida-de-milers-de-persones-majors\/","title":{"rendered":"El PSPV-PSOE alerta que la fi del Convivint \u201ctrenca el projecte de vida de milers de persones majors\u201d"},"content":{"rendered":"\n<p>L\u2019Executiva Provincial del PSPV-PSOE de Castell\u00f3 ha aprovat per unanimitat una resoluci\u00f3 amb la qual insta el Consell del PP a aprovar, amb car\u00e0cter urgent, un nou Pla Valenci\u00e0 d\u2019Infraestructures Sociosanit\u00e0ries que recupere i consolide el treball iniciat pel Pla Convivint i que el govern de Maz\u00f3n va deixar sense efecte, guardant en un calaix m\u00e9s d\u2019una cinquantena d\u2019infraestructures socials planificades, en la seua majoria, a municipis de l\u2019interior.<\/p>\n\n\n\n<p>La secret\u00e0ria provincial de Pol\u00edtica Social, Silvia G\u00f3mez, ha explicat que el Pla Convivint caduca el 31 de desembre i que la vicepresidenta Camarero \u201cno ha presentat cap full de ruta clar per a afrontar una aut\u00e8ntica emerg\u00e8ncia social i territorial com \u00e9s la falta de places p\u00fabliques en l\u2019\u00e0mbit de la cura i l\u2019atenci\u00f3 social\u201d, el que, en la seua opini\u00f3 \u201ctrenca el projecte de vida de milers de persones majors a deixar els seus pobles i colpeja l\u2019interior negant tamb\u00e9 oportunitats laborals que podrien revitalitzar zones amb escasses opcions de treball\u201d.<\/p>\n\n\n\n<p>G\u00f3mez ha alertat que la Comunitat Valenciana \u201ctravessa una situaci\u00f3 l\u00edmit en mat\u00e8ria d\u2019infraestructures sociosanit\u00e0ries\u201d i ha remarcat que milers de persones majors dependents, amb discapacitat, amb malaltia mental o en situaci\u00f3 de vulnerabilitat \u201ccontinuen esperant una pla\u00e7a residencial, un centre de dia o un recurs adaptat a les seues necessitats sense que la Generalitat done resposta\u201d.<\/p>\n\n\n\n<p>En este sentit, la responsable socialista ha recordat que el Pla Convivint de Serveis Socials 2021\u20132025 \u201cva suposar un avan\u00e7 hist\u00f2ric\u201d en ser un pla coordinat entre la Generalitat i els ajuntaments per a construir i modernitzar m\u00e9s de dos-centes infraestructures socials en tot el territori valenci\u00e0 i ha criticat que la seua paralitzaci\u00f3 \u201chaja comportat la p\u00e8rdua d\u2019inversions ja compromeses, el bloqueig de noves places p\u00fabliques i una gran incertesa per als municipis que havien cedit s\u00f2l o elaborat projectes en col\u00b7laboraci\u00f3 amb la Generalitat\u201d.<\/p>\n\n\n\n<p>Davant tot aix\u00f2, \u201cdemanem a la Generalitat del PP que aprove de manera immediata un nou Pla Valenci\u00e0 d\u2019Infraestructures Sociosanit\u00e0ries que compte amb una l\u00ednia pressupost\u00e0ria suficient i calendaritzada que permeta implantar-lo amb garanties en tots els territoris, especialment a les comarques de l\u2019interior, que s\u00f3n les que m\u00e9s estan patint la par\u00e0lisi del PP\u201d. \u201c\u00c9s senzill. Demanem que es complisca el dret de totes les persones a ser ateses amb dignitat i proximitat\u201d, ha sentenciat G\u00f3mez.<\/p>\n","protected":false},"excerpt":{"rendered":"<p>L\u2019Executiva Provincial del PSPV-PSOE de Castell\u00f3 ha aprovat per unanimitat una resoluci\u00f3 amb la qual insta el Consell del PP a aprovar, amb car\u00e0cter urgent, un nou Pla Valenci\u00e0 d\u2019Infraestructures Sociosanit\u00e0ries que recupere i consolide el treball iniciat pel Pla Convivint i que el govern de Maz\u00f3n va deixar sense efecte, guardant en un calaix &#8230; <a title=\"El PSPV-PSOE alerta que la fi del Convivint \u201ctrenca el projecte de vida de milers de persones majors\u201d\" class=\"read-more\" href=\"https:\/\/elcafedepipa.com\/index.php\/2025\/12\/09\/el-pspv-psoe-alerta-que-la-fi-del-convivint-trenca-el-projecte-de-vida-de-milers-de-persones-majors\/\" aria-label=\"M\u00e9s informaci\u00f3 sobre El PSPV-PSOE alerta que la fi del Convivint \u201ctrenca el projecte de vida de milers de persones majors\u201d\">Read more<\/a><\/p>\n","protected":false},"author":2,"featured_media":19875,"comment_status":"closed","ping_status":"closed","sticky":false,"template":"","format":"standard","meta":{"om_disable_all_campaigns":false,"_monsterinsights_skip_tracking":false,"_monsterinsights_sitenote_active":false,"_monsterinsights_sitenote_note":"","_monsterinsights_sitenote_category":0,"_uf_show_specific_survey":0,"_uf_disable_surveys":false,"footnotes":""},"categories":[10],"tags":[],"class_list":["post-19874","post","type-post","status-publish","format-standard","has-post-thumbnail","hentry","category-provinciadecastello"],"_links":{"self":[{"href":"https:\/\/elcafedepipa.com\/index.php\/wp-json\/wp\/v2\/posts\/19874","targetHints":{"allow":["GET"]}}],"collection":[{"href":"https:\/\/elcafedepipa.com\/index.php\/wp-json\/wp\/v2\/posts"}],"about":[{"href":"https:\/\/elcafedepipa.com\/index.php\/wp-json\/wp\/v2\/types\/post"}],"author":[{"embeddable":true,"href":"https:\/\/elcafedepipa.com\/index.php\/wp-json\/wp\/v2\/users\/2"}],"replies":[{"embeddable":true,"href":"https:\/\/elcafedepipa.com\/index.php\/wp-json\/wp\/v2\/comments?post=19874"}],"version-history":[{"count":1,"href":"https:\/\/elcafedepipa.com\/index.php\/wp-json\/wp\/v2\/posts\/19874\/revisions"}],"predecessor-version":[{"id":19876,"href":"https:\/\/elcafedepipa.com\/index.php\/wp-json\/wp\/v2\/posts\/19874\/revisions\/19876"}],"wp:featuredmedia":[{"embeddable":true,"href":"https:\/\/elcafedepipa.com\/index.php\/wp-json\/wp\/v2\/media\/19875"}],"wp:attachment":[{"href":"https:\/\/elcafedepipa.com\/index.php\/wp-json\/wp\/v2\/media?parent=19874"}],"wp:term":[{"taxonomy":"category","embeddable":true,"href":"https:\/\/elcafedepipa.com\/index.php\/wp-json\/wp\/v2\/categories?post=19874"},{"taxonomy":"post_tag","embeddable":true,"href":"https:\/\/elcafedepipa.com\/index.php\/wp-json\/wp\/v2\/tags?post=19874"}],"curies":[{"name":"wp","href":"https:\/\/api.w.org\/{rel}","templated":true}]}}