{"id":1986,"date":"2024-06-07T13:22:52","date_gmt":"2024-06-07T11:22:52","guid":{"rendered":"https:\/\/elcafedepipa.com\/?p=1986"},"modified":"2024-06-07T13:22:54","modified_gmt":"2024-06-07T11:22:54","slug":"podcast-valoracio-primer-any-de-legislatura-i-previ-electoral-amb-tania-banos","status":"publish","type":"post","link":"https:\/\/elcafedepipa.com\/index.php\/2024\/06\/07\/podcast-valoracio-primer-any-de-legislatura-i-previ-electoral-amb-tania-banos\/","title":{"rendered":"Podcast | Valoraci\u00f3 primer any de legislatura i previ electoral amb Tania Ba\u00f1os"},"content":{"rendered":"\n<p><strong>\u00c0UDIO |<\/strong> L&#8217;alcaldessa de la Vall d&#8217;Uix\u00f3 i secretaria del PSPV local, Tania Ba\u00f1os, ha fet hui una valoraci\u00f3 del primer any de legislatura (2023-2027). En clau pol\u00edtica, destaca algunes q\u00fcestions de les eleccions europees d&#8217;aquest diumenge.<\/p>\n\n\n\n<figure class=\"wp-block-audio\"><audio controls src=\"https:\/\/elcafedepipa.com\/wp-content\/uploads\/2024\/06\/tania7juny.mp3\"><\/audio><\/figure>\n","protected":false},"excerpt":{"rendered":"<p>\u00c0UDIO | L&#8217;alcaldessa de la Vall d&#8217;Uix\u00f3 i secretaria del PSPV local, Tania Ba\u00f1os, ha fet hui una valoraci\u00f3 del primer any de legislatura (2023-2027). En clau pol\u00edtica, destaca algunes q\u00fcestions de les eleccions europees d&#8217;aquest diumenge.<\/p>\n","protected":false},"author":2,"featured_media":1987,"comment_status":"closed","ping_status":"closed","sticky":false,"template":"","format":"standard","meta":{"om_disable_all_campaigns":false,"_monsterinsights_skip_tracking":false,"_monsterinsights_sitenote_active":false,"_monsterinsights_sitenote_note":"","_monsterinsights_sitenote_category":0,"_uf_show_specific_survey":0,"_uf_disable_surveys":false,"footnotes":""},"categories":[2,34],"tags":[],"class_list":["post-1986","post","type-post","status-publish","format-standard","has-post-thumbnail","hentry","category-lavallduixo","category-podcast"],"_links":{"self":[{"href":"https:\/\/elcafedepipa.com\/index.php\/wp-json\/wp\/v2\/posts\/1986","targetHints":{"allow":["GET"]}}],"collection":[{"href":"https:\/\/elcafedepipa.com\/index.php\/wp-json\/wp\/v2\/posts"}],"about":[{"href":"https:\/\/elcafedepipa.com\/index.php\/wp-json\/wp\/v2\/types\/post"}],"author":[{"embeddable":true,"href":"https:\/\/elcafedepipa.com\/index.php\/wp-json\/wp\/v2\/users\/2"}],"replies":[{"embeddable":true,"href":"https:\/\/elcafedepipa.com\/index.php\/wp-json\/wp\/v2\/comments?post=1986"}],"version-history":[{"count":0,"href":"https:\/\/elcafedepipa.com\/index.php\/wp-json\/wp\/v2\/posts\/1986\/revisions"}],"wp:featuredmedia":[{"embeddable":true,"href":"https:\/\/elcafedepipa.com\/index.php\/wp-json\/wp\/v2\/media\/1987"}],"wp:attachment":[{"href":"https:\/\/elcafedepipa.com\/index.php\/wp-json\/wp\/v2\/media?parent=1986"}],"wp:term":[{"taxonomy":"category","embeddable":true,"href":"https:\/\/elcafedepipa.com\/index.php\/wp-json\/wp\/v2\/categories?post=1986"},{"taxonomy":"post_tag","embeddable":true,"href":"https:\/\/elcafedepipa.com\/index.php\/wp-json\/wp\/v2\/tags?post=1986"}],"curies":[{"name":"wp","href":"https:\/\/api.w.org\/{rel}","templated":true}]}}