{"id":1977,"date":"2024-06-07T12:48:42","date_gmt":"2024-06-07T10:48:42","guid":{"rendered":"https:\/\/elcafedepipa.com\/?p=1977"},"modified":"2024-06-07T12:48:44","modified_gmt":"2024-06-07T10:48:44","slug":"les-associacions-platges-de-nules-i-veins-de-la-platja-de-nules-organitzen-una-jornada-sumant-se-al-ocean-initiatives","status":"publish","type":"post","link":"https:\/\/elcafedepipa.com\/index.php\/2024\/06\/07\/les-associacions-platges-de-nules-i-veins-de-la-platja-de-nules-organitzen-una-jornada-sumant-se-al-ocean-initiatives\/","title":{"rendered":"Les associacions Platges de Nules i Ve\u00efns de la Platja de Nules organitzen una jornada sumant-se al\u00a0&#8220;Ocean Initiatives&#8221;"},"content":{"rendered":"\n<p style=\"font-size:24px\"><strong>La cita, que es basar\u00e0 en la recollida i avaluaci\u00f3 de residus, tindr\u00e0 lloc el 16 de juny i s&#8217;iniciar\u00e0 a les 10:30h<\/strong> <\/p>\n\n\n\n<p>El programa europeu de voluntariat ambiental es promogut per Surfrider Foundation Europe amb el focus en l&#8217;import\u00e0ncia d&#8217;identificar l&#8217;origen dels residus i aix\u00ed incidir en la presa d&#8217;accions.<br><br>La cita, que tindr\u00e0 lloc diumenge que ve 16 de juny, s&#8217;iniciar\u00e0 a les 10:30h en un punt clau del litoral valenci\u00e0, &#8220;La Gola&#8221; de Platges de Nules, on conflueixen dos espais protegits per Xarxa Natura 2000 com a \u00e0rees de conservaci\u00f3 per a la superviv\u00e8ncia dels diferents h\u00e0bitats europeus.<br><br>Registrar-se en l&#8217;activitat es possible a trav\u00e9s de l&#8217;enlla\u00e7 https:\/\/bit.ly\/ocean_nules. Al fer-ho es tindr\u00e0 acc\u00e9s al registre dels residus, bosses, guants i materials did\u00e0ctics<\/p>\n\n\n\n<p><strong>CUIDAR L&#8217;ESPAI PROTEGIT XARXA NATURA 2000<\/strong><br>El pont de &#8220;La Gola&#8221; de Platges de Nules com a punt d&#8217;uni\u00f3 de la zona mar\u00edtima i terrestre protegida a nivell europeu en el marc de la Xarxa Natura 2000 recull l&#8217;aigua del &#8220;canal&#8221;, patrimoni hidr\u00e0ulic de la &#8220;Marjal de Nules&#8221; (ZEC) en la qual s&#8217;inclou el Paratge Natural Municipal de \u201cL&#8217;Estany\u201d. Aig\u00fces que flueixen per a unir-se amb els &#8220;Alguers de Borriana-Nules-Moncofa&#8221; (LIC) situats en el fons mar\u00ed a escassa dist\u00e0ncia de la hist\u00f2rica fa\u00e7ana litoral. \u00a0<br><br><\/p>\n","protected":false},"excerpt":{"rendered":"<p>La cita, que es basar\u00e0 en la recollida i avaluaci\u00f3 de residus, tindr\u00e0 lloc el 16 de juny i s&#8217;iniciar\u00e0 a les 10:30h El programa europeu de voluntariat ambiental es promogut per Surfrider Foundation Europe amb el focus en l&#8217;import\u00e0ncia d&#8217;identificar l&#8217;origen dels residus i aix\u00ed incidir en la presa d&#8217;accions. La cita, que tindr\u00e0 &#8230; <a title=\"Les associacions Platges de Nules i Ve\u00efns de la Platja de Nules organitzen una jornada sumant-se al\u00a0&#8220;Ocean Initiatives&#8221;\" class=\"read-more\" href=\"https:\/\/elcafedepipa.com\/index.php\/2024\/06\/07\/les-associacions-platges-de-nules-i-veins-de-la-platja-de-nules-organitzen-una-jornada-sumant-se-al-ocean-initiatives\/\" aria-label=\"M\u00e9s informaci\u00f3 sobre Les associacions Platges de Nules i Ve\u00efns de la Platja de Nules organitzen una jornada sumant-se al\u00a0&#8220;Ocean Initiatives&#8221;\">Read more<\/a><\/p>\n","protected":false},"author":2,"featured_media":1981,"comment_status":"closed","ping_status":"closed","sticky":false,"template":"","format":"standard","meta":{"om_disable_all_campaigns":false,"_monsterinsights_skip_tracking":false,"_monsterinsights_sitenote_active":false,"_monsterinsights_sitenote_note":"","_monsterinsights_sitenote_category":0,"_uf_show_specific_survey":0,"_uf_disable_surveys":false,"footnotes":""},"categories":[3],"tags":[],"class_list":["post-1977","post","type-post","status-publish","format-standard","has-post-thumbnail","hentry","category-nules"],"_links":{"self":[{"href":"https:\/\/elcafedepipa.com\/index.php\/wp-json\/wp\/v2\/posts\/1977","targetHints":{"allow":["GET"]}}],"collection":[{"href":"https:\/\/elcafedepipa.com\/index.php\/wp-json\/wp\/v2\/posts"}],"about":[{"href":"https:\/\/elcafedepipa.com\/index.php\/wp-json\/wp\/v2\/types\/post"}],"author":[{"embeddable":true,"href":"https:\/\/elcafedepipa.com\/index.php\/wp-json\/wp\/v2\/users\/2"}],"replies":[{"embeddable":true,"href":"https:\/\/elcafedepipa.com\/index.php\/wp-json\/wp\/v2\/comments?post=1977"}],"version-history":[{"count":0,"href":"https:\/\/elcafedepipa.com\/index.php\/wp-json\/wp\/v2\/posts\/1977\/revisions"}],"wp:featuredmedia":[{"embeddable":true,"href":"https:\/\/elcafedepipa.com\/index.php\/wp-json\/wp\/v2\/media\/1981"}],"wp:attachment":[{"href":"https:\/\/elcafedepipa.com\/index.php\/wp-json\/wp\/v2\/media?parent=1977"}],"wp:term":[{"taxonomy":"category","embeddable":true,"href":"https:\/\/elcafedepipa.com\/index.php\/wp-json\/wp\/v2\/categories?post=1977"},{"taxonomy":"post_tag","embeddable":true,"href":"https:\/\/elcafedepipa.com\/index.php\/wp-json\/wp\/v2\/tags?post=1977"}],"curies":[{"name":"wp","href":"https:\/\/api.w.org\/{rel}","templated":true}]}}