{"id":1955,"date":"2024-06-07T10:38:30","date_gmt":"2024-06-07T08:38:30","guid":{"rendered":"https:\/\/elcafedepipa.com\/?p=1955"},"modified":"2024-06-07T10:38:49","modified_gmt":"2024-06-07T08:38:49","slug":"nules-celebra-la-tradicional-festa-de-les-barraquetes","status":"publish","type":"post","link":"https:\/\/elcafedepipa.com\/index.php\/2024\/06\/07\/nules-celebra-la-tradicional-festa-de-les-barraquetes\/","title":{"rendered":"Nules celebra la tradicional Festa de les Barraquetes"},"content":{"rendered":"\n<p style=\"font-size:24px\"><strong>Aquesta va ser declarada Festa d\u2019Inter\u00e9s Tur\u00edstic Provincial l&#8217;any 2021<\/strong><\/p>\n\n\n\n<p>Nules va celebrar ahir la tradicional Festa de les Barraquetes, una festivitat que l\u2019any 2021 va ser declarada com a Festa d\u2019Inter\u00e9s Tur\u00edstic Provincial. Ram\u00f3n\u00a0Mart\u00ednez, regidor de Tradicions, informava que des de l\u2019ajuntament es vol donar suport a aquesta festa que compta amb molta hist\u00f2ria: \u201c\u00c9s una festa que ens enorgulleix perqu\u00e8 \u00e9s un esdeveniment amb molta tradici\u00f3 i hist\u00f2ria per als nostres ve\u00efns\u201d.<\/p>\n\n\n\n<p>Les Barraquetes \u00e9s una celebraci\u00f3 \u00fanica al territori valenci\u00e0 i tamb\u00e9 a l\u2019estat espanyol. Es tracta d\u2019una festa d&#8217;origen hist\u00f2ric que prov\u00e9 del fet derivat de la mobilitzaci\u00f3 de les tropes de l&#8217;Ex\u00e8rcit Reial fins a la Serra d&#8217;Espad\u00e0 coincidint amb el vuit\u00e9 dia despr\u00e9s del Corpus Christi, sol\u00b7licitant aix\u00ed que les tropes foren bene\u00efdes amb el Sant\u00edssim. Per aquest motiu, el dijous despr\u00e9s de la festivitat del Corpus Christi es va celebrar aquesta festa en la qual participaren els xiquets i xiquetes del municipi.<\/p>\n","protected":false},"excerpt":{"rendered":"<p>Aquesta va ser declarada Festa d\u2019Inter\u00e9s Tur\u00edstic Provincial l&#8217;any 2021 Nules va celebrar ahir la tradicional Festa de les Barraquetes, una festivitat que l\u2019any 2021 va ser declarada com a Festa d\u2019Inter\u00e9s Tur\u00edstic Provincial. Ram\u00f3n\u00a0Mart\u00ednez, regidor de Tradicions, informava que des de l\u2019ajuntament es vol donar suport a aquesta festa que compta amb molta hist\u00f2ria: &#8230; <a title=\"Nules celebra la tradicional Festa de les Barraquetes\" class=\"read-more\" href=\"https:\/\/elcafedepipa.com\/index.php\/2024\/06\/07\/nules-celebra-la-tradicional-festa-de-les-barraquetes\/\" aria-label=\"M\u00e9s informaci\u00f3 sobre Nules celebra la tradicional Festa de les Barraquetes\">Read more<\/a><\/p>\n","protected":false},"author":2,"featured_media":1956,"comment_status":"closed","ping_status":"closed","sticky":false,"template":"","format":"standard","meta":{"om_disable_all_campaigns":false,"_monsterinsights_skip_tracking":false,"_monsterinsights_sitenote_active":false,"_monsterinsights_sitenote_note":"","_monsterinsights_sitenote_category":0,"_uf_show_specific_survey":0,"_uf_disable_surveys":false,"footnotes":""},"categories":[3],"tags":[],"class_list":["post-1955","post","type-post","status-publish","format-standard","has-post-thumbnail","hentry","category-nules"],"_links":{"self":[{"href":"https:\/\/elcafedepipa.com\/index.php\/wp-json\/wp\/v2\/posts\/1955","targetHints":{"allow":["GET"]}}],"collection":[{"href":"https:\/\/elcafedepipa.com\/index.php\/wp-json\/wp\/v2\/posts"}],"about":[{"href":"https:\/\/elcafedepipa.com\/index.php\/wp-json\/wp\/v2\/types\/post"}],"author":[{"embeddable":true,"href":"https:\/\/elcafedepipa.com\/index.php\/wp-json\/wp\/v2\/users\/2"}],"replies":[{"embeddable":true,"href":"https:\/\/elcafedepipa.com\/index.php\/wp-json\/wp\/v2\/comments?post=1955"}],"version-history":[{"count":0,"href":"https:\/\/elcafedepipa.com\/index.php\/wp-json\/wp\/v2\/posts\/1955\/revisions"}],"wp:featuredmedia":[{"embeddable":true,"href":"https:\/\/elcafedepipa.com\/index.php\/wp-json\/wp\/v2\/media\/1956"}],"wp:attachment":[{"href":"https:\/\/elcafedepipa.com\/index.php\/wp-json\/wp\/v2\/media?parent=1955"}],"wp:term":[{"taxonomy":"category","embeddable":true,"href":"https:\/\/elcafedepipa.com\/index.php\/wp-json\/wp\/v2\/categories?post=1955"},{"taxonomy":"post_tag","embeddable":true,"href":"https:\/\/elcafedepipa.com\/index.php\/wp-json\/wp\/v2\/tags?post=1955"}],"curies":[{"name":"wp","href":"https:\/\/api.w.org\/{rel}","templated":true}]}}