{"id":1950,"date":"2024-06-07T10:19:42","date_gmt":"2024-06-07T08:19:42","guid":{"rendered":"https:\/\/elcafedepipa.com\/?p=1950"},"modified":"2024-06-07T10:32:17","modified_gmt":"2024-06-07T08:32:17","slug":"herminio-serra-reivindica-mes-seguretat-i-neteja-i-menys-impostos-en-la-vall","status":"publish","type":"post","link":"https:\/\/elcafedepipa.com\/index.php\/2024\/06\/07\/herminio-serra-reivindica-mes-seguretat-i-neteja-i-menys-impostos-en-la-vall\/","title":{"rendered":"Herminio Serra reivindica m\u00e9s seguretat i neteja i menys impostos en la Vall"},"content":{"rendered":"\n<p style=\"font-size:24px\"><strong>El portaveu del PP en l&#8217;ajuntament de la localitat va fer ahir un balan\u00e7 del primer any del mandat 2023-27<\/strong><\/p>\n\n\n\n<p>El portaveu del PP a l&#8217;Ajuntament de la Vall d&#8217;Uix\u00f3,&nbsp;Herminio&nbsp;Serra, va fer ahir un balan\u00e7 del primer any del mandat 2023-27 amb l&#8217;objectiu de \u201crecordar promeses, exigir el seu compliment i millorar la vida dels nostres ve\u00efns\u201d.<\/p>\n\n\n\n<p>Sense \u00e0nim alarmista, per\u00f2 s\u00ed amb un desig fiscalitzador, el portaveu del PP ha reclamat a l&#8217;alcaldessa,&nbsp;Tania&nbsp;Ba\u00f1os, que treballe per la Vall d&#8217;Uix\u00f3 complint el seu programa i escoltant els ciutadans. \u201cFa falta m\u00e9s seguretat i neteja i menys impostos. I aix\u00f2 \u00e9s al carrer\u201d, afirmava Serra.<\/p>\n\n\n\n<p>\u201cUn any despr\u00e9s, la seguretat continua sent el tal\u00f3 d&#8217;Aquil\u00b7les d&#8217;un PSOE que&nbsp;segueix&nbsp;sense garantir&nbsp;dues&nbsp;patrulles de la Policia Local per torn. Les dades que obtenim en mat\u00e8ria de criminalitat s\u00f3n tan dolents com els que registrem en 2023, amb una ona de robatoris en&nbsp;vivendes, comer\u00e7os, empreses i fins i tot el camp, on els agricultors tamb\u00e9 s&#8217;han vist afectats. Una situaci\u00f3 que va portar a mobilitzar als ve\u00efns amb patrulles per a frenar estos delictes\u201d, ha recordat el regidor. A esta circumst\u00e0ncia se suma la pujada de la pressi\u00f3 fiscal als ve\u00efns.<\/p>\n\n\n\n<p>Serra ha informat&nbsp;que&nbsp;l\u2019Escola Matinera era gratu\u00efta i ara \u00e9s de pagament,&nbsp;a m\u00e9s&nbsp;de que&nbsp;ha pujat la factura de l&#8217;aigua i tamb\u00e9 les tarifes d&#8217;acc\u00e9s i dels cursos de la piscina municipal coberta.&nbsp;&#8220;Tot en un moment en el qual la inflaci\u00f3 est\u00e0 a un&nbsp;3\u20196%&nbsp;i la subjacent a un 3%. La vida \u00e9s m\u00e9s cara i&nbsp;Tania&nbsp;Ba\u00f1os&nbsp;encara l&#8217;encareix&nbsp;m\u00e9s\u201d, deia.<\/p>\n\n\n\n<p>El&nbsp;regidor&nbsp;del PP reclamava una millora en la mobilitat: \u201cSenyalitzaci\u00f3 horitzontal i vertical, millorar la seguretat amb instal\u00b7laci\u00f3 d&#8217;espills als carrers, aix\u00ed com garantir amb solucions eficaces la falta d&#8217;aparcament. I a tot aix\u00f2 se suma el retard en l&#8217;execuci\u00f3 de tots els projectes que ens han anunciat, perqu\u00e8 no s&#8217;ha avan\u00e7at en cap. No hi ha res del prom\u00e9s finalitzat. El frac\u00e0s de&nbsp;Tania&nbsp;Ba\u00f1os&nbsp;que ens eixir\u00e0 a tots els ve\u00efns molt car\u201d, ha concl\u00f2s el portaveu del PP en la Vall.<\/p>\n","protected":false},"excerpt":{"rendered":"<p>El portaveu del PP en l&#8217;ajuntament de la localitat va fer ahir un balan\u00e7 del primer any del mandat 2023-27 El portaveu del PP a l&#8217;Ajuntament de la Vall d&#8217;Uix\u00f3,&nbsp;Herminio&nbsp;Serra, va fer ahir un balan\u00e7 del primer any del mandat 2023-27 amb l&#8217;objectiu de \u201crecordar promeses, exigir el seu compliment i millorar la vida dels &#8230; <a title=\"Herminio Serra reivindica m\u00e9s seguretat i neteja i menys impostos en la Vall\" class=\"read-more\" href=\"https:\/\/elcafedepipa.com\/index.php\/2024\/06\/07\/herminio-serra-reivindica-mes-seguretat-i-neteja-i-menys-impostos-en-la-vall\/\" aria-label=\"M\u00e9s informaci\u00f3 sobre Herminio Serra reivindica m\u00e9s seguretat i neteja i menys impostos en la Vall\">Read more<\/a><\/p>\n","protected":false},"author":2,"featured_media":1951,"comment_status":"closed","ping_status":"closed","sticky":false,"template":"","format":"standard","meta":{"om_disable_all_campaigns":false,"_monsterinsights_skip_tracking":false,"_monsterinsights_sitenote_active":false,"_monsterinsights_sitenote_note":"","_monsterinsights_sitenote_category":0,"_uf_show_specific_survey":0,"_uf_disable_surveys":false,"footnotes":""},"categories":[2],"tags":[],"class_list":["post-1950","post","type-post","status-publish","format-standard","has-post-thumbnail","hentry","category-lavallduixo"],"_links":{"self":[{"href":"https:\/\/elcafedepipa.com\/index.php\/wp-json\/wp\/v2\/posts\/1950","targetHints":{"allow":["GET"]}}],"collection":[{"href":"https:\/\/elcafedepipa.com\/index.php\/wp-json\/wp\/v2\/posts"}],"about":[{"href":"https:\/\/elcafedepipa.com\/index.php\/wp-json\/wp\/v2\/types\/post"}],"author":[{"embeddable":true,"href":"https:\/\/elcafedepipa.com\/index.php\/wp-json\/wp\/v2\/users\/2"}],"replies":[{"embeddable":true,"href":"https:\/\/elcafedepipa.com\/index.php\/wp-json\/wp\/v2\/comments?post=1950"}],"version-history":[{"count":0,"href":"https:\/\/elcafedepipa.com\/index.php\/wp-json\/wp\/v2\/posts\/1950\/revisions"}],"wp:featuredmedia":[{"embeddable":true,"href":"https:\/\/elcafedepipa.com\/index.php\/wp-json\/wp\/v2\/media\/1951"}],"wp:attachment":[{"href":"https:\/\/elcafedepipa.com\/index.php\/wp-json\/wp\/v2\/media?parent=1950"}],"wp:term":[{"taxonomy":"category","embeddable":true,"href":"https:\/\/elcafedepipa.com\/index.php\/wp-json\/wp\/v2\/categories?post=1950"},{"taxonomy":"post_tag","embeddable":true,"href":"https:\/\/elcafedepipa.com\/index.php\/wp-json\/wp\/v2\/tags?post=1950"}],"curies":[{"name":"wp","href":"https:\/\/api.w.org\/{rel}","templated":true}]}}