{"id":19168,"date":"2025-11-20T09:11:21","date_gmt":"2025-11-20T08:11:21","guid":{"rendered":"https:\/\/elcafedepipa.com\/?p=19168"},"modified":"2025-11-20T09:11:23","modified_gmt":"2025-11-20T08:11:23","slug":"la-guardia-civil-dete-dos-persones-amb-quasi-5-quilos-dhaixix-a-lap-7-en-larea-de-servei-de-la-ribera-de-cabanes","status":"publish","type":"post","link":"https:\/\/elcafedepipa.com\/index.php\/2025\/11\/20\/la-guardia-civil-dete-dos-persones-amb-quasi-5-quilos-dhaixix-a-lap-7-en-larea-de-servei-de-la-ribera-de-cabanes\/","title":{"rendered":"La Guardia Civil det\u00e9 dos persones amb quasi 5 quilos d\u2019haixix a l\u2019AP-7, en l\u2019\u00e0rea de servei de la Ribera de Cabanes"},"content":{"rendered":"\n<p class=\"wp-block-paragraph\">La Gu\u00e0rdia Civil ha detingut dos homes despr\u00e9s d\u2019interceptar un vehicle que transportava <strong>4.800 grams d\u2019haixix<\/strong> a l\u2019AP-7, a l\u2019\u00e0rea de servei de la Ribera de Cabanes. L\u2019actuaci\u00f3 s\u2019emmarca dins dels operatius de vigil\u00e0ncia de costes, ports, aeroports i vies de comunicaci\u00f3 destinats a evitar el tr\u00e0fic de drogues, el contraban i les xarxes internacionals de subst\u00e0ncies il\u00b7legals a la prov\u00edncia de Castell\u00f3.<\/p>\n\n\n\n<p class=\"wp-block-paragraph\">Agents de la <strong>USECIC<\/strong> van donar l\u2019alto al vehicle sospit\u00f3s i, en observar el <strong>nerviosisme<\/strong> dels ocupants, van procedir a una inspecci\u00f3 amb l\u2019ajuda d\u2019un <strong>gos detector de drogues<\/strong> del Servei Cinol\u00f2gic. Durant el registre, es van localitzar <strong>50 embolcalls<\/strong> d\u2019haixix ocults al buit de la roda de recanvi.<\/p>\n\n\n\n<p class=\"wp-block-paragraph\">Els dos ocupants del vehicle van ser arrestats com a presumptes autors d\u2019un delicte contra la salut p\u00fablica per tr\u00e0fic de drogues. Les dilig\u00e8ncies han sigut remeses als Jutjats de Gu\u00e0rdia de Castell\u00f3.<\/p>\n","protected":false},"excerpt":{"rendered":"<p>La Gu\u00e0rdia Civil ha detingut dos homes despr\u00e9s d\u2019interceptar un vehicle que transportava 4.800 grams d\u2019haixix a l\u2019AP-7, a l\u2019\u00e0rea de servei de la Ribera de Cabanes. L\u2019actuaci\u00f3 s\u2019emmarca dins dels operatius de vigil\u00e0ncia de costes, ports, aeroports i vies de comunicaci\u00f3 destinats a evitar el tr\u00e0fic de drogues, el contraban i les xarxes internacionals &#8230; <a title=\"La Guardia Civil det\u00e9 dos persones amb quasi 5 quilos d\u2019haixix a l\u2019AP-7, en l\u2019\u00e0rea de servei de la Ribera de Cabanes\" class=\"read-more\" href=\"https:\/\/elcafedepipa.com\/index.php\/2025\/11\/20\/la-guardia-civil-dete-dos-persones-amb-quasi-5-quilos-dhaixix-a-lap-7-en-larea-de-servei-de-la-ribera-de-cabanes\/\" aria-label=\"M\u00e9s informaci\u00f3 sobre La Guardia Civil det\u00e9 dos persones amb quasi 5 quilos d\u2019haixix a l\u2019AP-7, en l\u2019\u00e0rea de servei de la Ribera de Cabanes\">Read more<\/a><\/p>\n","protected":false},"author":2,"featured_media":19169,"comment_status":"closed","ping_status":"closed","sticky":false,"template":"","format":"standard","meta":{"om_disable_all_campaigns":false,"_monsterinsights_skip_tracking":false,"_uf_show_specific_survey":0,"_uf_disable_surveys":false,"slim_seo":{"title":"La Guardia Civil det\u00e9 dos persones amb quasi 5 quilos d\u2019haixix a l\u2019AP-7, en l\u2019\u00e0rea de servei de la Ribera de Cabanes - El caf\u00e9 de Pipa","description":"La Gu\u00e0rdia Civil ha detingut dos homes despr\u00e9s d\u2019interceptar un vehicle que transportava 4.800 grams d\u2019haixix a l\u2019AP-7, a l\u2019\u00e0rea de servei de la Ribera de Caban"},"footnotes":""},"categories":[11],"tags":[],"ppma_author":[74],"class_list":["post-19168","post","type-post","status-publish","format-standard","has-post-thumbnail","hentry","category-comunitatvalenciana"],"distributor_meta":false,"distributor_terms":false,"distributor_media":false,"distributor_original_site_name":"El caf\u00e9 de Pipa","distributor_original_site_url":"https:\/\/elcafedepipa.com","push-errors":false,"authors":[{"term_id":74,"user_id":2,"is_guest":0,"slug":"radiolavallduixo","display_name":"Vicent Arnau Forner","avatar_url":"https:\/\/secure.gravatar.com\/avatar\/26a27d13d194fc3b4d2a7a933a63466fa1af911ef6eac8a107691f6aeb82d442?s=96&d=mm&r=g","author_category":"","first_name":"ecdp","last_name":"","user_url":"http:\/\/www.elcafedepipa.com","job_title":"","description":""}],"_links":{"self":[{"href":"https:\/\/elcafedepipa.com\/index.php\/wp-json\/wp\/v2\/posts\/19168","targetHints":{"allow":["GET"]}}],"collection":[{"href":"https:\/\/elcafedepipa.com\/index.php\/wp-json\/wp\/v2\/posts"}],"about":[{"href":"https:\/\/elcafedepipa.com\/index.php\/wp-json\/wp\/v2\/types\/post"}],"author":[{"embeddable":true,"href":"https:\/\/elcafedepipa.com\/index.php\/wp-json\/wp\/v2\/users\/2"}],"replies":[{"embeddable":true,"href":"https:\/\/elcafedepipa.com\/index.php\/wp-json\/wp\/v2\/comments?post=19168"}],"version-history":[{"count":1,"href":"https:\/\/elcafedepipa.com\/index.php\/wp-json\/wp\/v2\/posts\/19168\/revisions"}],"predecessor-version":[{"id":19170,"href":"https:\/\/elcafedepipa.com\/index.php\/wp-json\/wp\/v2\/posts\/19168\/revisions\/19170"}],"wp:featuredmedia":[{"embeddable":true,"href":"https:\/\/elcafedepipa.com\/index.php\/wp-json\/wp\/v2\/media\/19169"}],"wp:attachment":[{"href":"https:\/\/elcafedepipa.com\/index.php\/wp-json\/wp\/v2\/media?parent=19168"}],"wp:term":[{"taxonomy":"category","embeddable":true,"href":"https:\/\/elcafedepipa.com\/index.php\/wp-json\/wp\/v2\/categories?post=19168"},{"taxonomy":"post_tag","embeddable":true,"href":"https:\/\/elcafedepipa.com\/index.php\/wp-json\/wp\/v2\/tags?post=19168"},{"taxonomy":"author","embeddable":true,"href":"https:\/\/elcafedepipa.com\/index.php\/wp-json\/wp\/v2\/ppma_author?post=19168"}],"curies":[{"name":"wp","href":"https:\/\/api.w.org\/{rel}","templated":true}]}}