{"id":1901,"date":"2024-06-06T10:26:46","date_gmt":"2024-06-06T08:26:46","guid":{"rendered":"https:\/\/elcafedepipa.com\/?p=1901"},"modified":"2024-06-06T10:36:50","modified_gmt":"2024-06-06T08:36:50","slug":"alfondeguilla-traura-a-llum-el-moli-daigua-despres-de-lenderrocament-de-ledifici","status":"publish","type":"post","link":"https:\/\/elcafedepipa.com\/index.php\/2024\/06\/06\/alfondeguilla-traura-a-llum-el-moli-daigua-despres-de-lenderrocament-de-ledifici\/","title":{"rendered":"Alfondeguilla traur\u00e0 a llum el mol\u00ed d&#8217;aigua despr\u00e9s de l&#8217;enderrocament de l&#8217;edifici"},"content":{"rendered":"\n<p style=\"font-size:24px\"><strong>El monument presenta perillositat de solsida<\/strong><\/p>\n\n\n\n<p>Els treballs per a retirar l&#8217;amiant abans de l&#8217;enderrocament de l&#8217;edifici que alberga l&#8217;antic mol\u00ed d&#8217;aigua d&#8217;Alfondeguilla han comen\u00e7at esta setmana. Els treballs\u00a0consisteixen\u00a0primer a retirar l&#8217;amiant i, posteriorment, derrocar la part no original de l&#8217;estructura que es va construir en els anys\u00a0seixanta.<\/p>\n\n\n\n<p>L&#8217;alcalde de la localitat, Salvador Ventura, ha explicat que l&#8217;immoble presenta una certa perillositat, per l&#8217;estat d&#8217;aband\u00f3 en el qual es troba, i est\u00e0 situat en l&#8217;\u00fanic acc\u00e9s al barri antic i a la zona de Castro, que feien imprescindible escometre estos treballs.<\/p>\n\n\n\n<p>&#8220;Este mol\u00ed \u00e9s un exemple m\u00e9s de la cultura de l&#8217;aprofitament d&#8217;aigua heretada de les civilitzacions antigues i suposa un patrimoni hist\u00f2ric molt valu\u00f3s que hem d&#8217;atendre i conservar pel seu valor patrimonial i per la cultura hist\u00f2rica de l&#8217;aigua en la zona\u201d, explicava el regidor de Cultura, David Galindo.<\/p>\n\n\n\n<p>Galindo ha destacat el valor que al llarg dels anys han tingut estos molins per al desenvolupament de la societat i augment demogr\u00e0fic. Amb la revoluci\u00f3 industrial, a poc a poc van deixar de construir-se molins i van entrar en decad\u00e8ncia. A Alfondeguilla, el mol\u00ed connectava les\u00a0dues\u00a0basses: la del cementeri (a dalt) i la de la canaleta (a baix). L&#8217;edifici, que en pocs dies ser\u00e0 hist\u00f2ria, connecta totes dues basses i al costat del mateix discorre un sistema de s\u00e9quies que les connecta.<\/p>\n","protected":false},"excerpt":{"rendered":"<p>El monument presenta perillositat de solsida Els treballs per a retirar l&#8217;amiant abans de l&#8217;enderrocament de l&#8217;edifici que alberga l&#8217;antic mol\u00ed d&#8217;aigua d&#8217;Alfondeguilla han comen\u00e7at esta setmana. Els treballs\u00a0consisteixen\u00a0primer a retirar l&#8217;amiant i, posteriorment, derrocar la part no original de l&#8217;estructura que es va construir en els anys\u00a0seixanta. L&#8217;alcalde de la localitat, Salvador Ventura, ha &#8230; <a title=\"Alfondeguilla traur\u00e0 a llum el mol\u00ed d&#8217;aigua despr\u00e9s de l&#8217;enderrocament de l&#8217;edifici\" class=\"read-more\" href=\"https:\/\/elcafedepipa.com\/index.php\/2024\/06\/06\/alfondeguilla-traura-a-llum-el-moli-daigua-despres-de-lenderrocament-de-ledifici\/\" aria-label=\"M\u00e9s informaci\u00f3 sobre Alfondeguilla traur\u00e0 a llum el mol\u00ed d&#8217;aigua despr\u00e9s de l&#8217;enderrocament de l&#8217;edifici\">Read more<\/a><\/p>\n","protected":false},"author":2,"featured_media":1902,"comment_status":"closed","ping_status":"closed","sticky":false,"template":"","format":"standard","meta":{"om_disable_all_campaigns":false,"_monsterinsights_skip_tracking":false,"_monsterinsights_sitenote_active":false,"_monsterinsights_sitenote_note":"","_monsterinsights_sitenote_category":0,"_uf_show_specific_survey":0,"_uf_disable_surveys":false,"footnotes":""},"categories":[9],"tags":[],"class_list":["post-1901","post","type-post","status-publish","format-standard","has-post-thumbnail","hentry","category-alfondeguilla"],"_links":{"self":[{"href":"https:\/\/elcafedepipa.com\/index.php\/wp-json\/wp\/v2\/posts\/1901","targetHints":{"allow":["GET"]}}],"collection":[{"href":"https:\/\/elcafedepipa.com\/index.php\/wp-json\/wp\/v2\/posts"}],"about":[{"href":"https:\/\/elcafedepipa.com\/index.php\/wp-json\/wp\/v2\/types\/post"}],"author":[{"embeddable":true,"href":"https:\/\/elcafedepipa.com\/index.php\/wp-json\/wp\/v2\/users\/2"}],"replies":[{"embeddable":true,"href":"https:\/\/elcafedepipa.com\/index.php\/wp-json\/wp\/v2\/comments?post=1901"}],"version-history":[{"count":0,"href":"https:\/\/elcafedepipa.com\/index.php\/wp-json\/wp\/v2\/posts\/1901\/revisions"}],"wp:featuredmedia":[{"embeddable":true,"href":"https:\/\/elcafedepipa.com\/index.php\/wp-json\/wp\/v2\/media\/1902"}],"wp:attachment":[{"href":"https:\/\/elcafedepipa.com\/index.php\/wp-json\/wp\/v2\/media?parent=1901"}],"wp:term":[{"taxonomy":"category","embeddable":true,"href":"https:\/\/elcafedepipa.com\/index.php\/wp-json\/wp\/v2\/categories?post=1901"},{"taxonomy":"post_tag","embeddable":true,"href":"https:\/\/elcafedepipa.com\/index.php\/wp-json\/wp\/v2\/tags?post=1901"}],"curies":[{"name":"wp","href":"https:\/\/api.w.org\/{rel}","templated":true}]}}