{"id":1881,"date":"2024-06-05T13:52:10","date_gmt":"2024-06-05T11:52:10","guid":{"rendered":"https:\/\/elcafedepipa.com\/?p=1881"},"modified":"2024-06-05T13:52:11","modified_gmt":"2024-06-05T11:52:11","slug":"la-unio-llauradora-reclama-al-ministeri-de-transicio-ecologica-i-el-repte-demografic-miteco-lestabliment-immediat-de-la-doble-tarifa-electrica-en-el-regadiu","status":"publish","type":"post","link":"https:\/\/elcafedepipa.com\/index.php\/2024\/06\/05\/la-unio-llauradora-reclama-al-ministeri-de-transicio-ecologica-i-el-repte-demografic-miteco-lestabliment-immediat-de-la-doble-tarifa-electrica-en-el-regadiu\/","title":{"rendered":"La Uni\u00f3 Llauradora reclama al Ministeri de Transici\u00f3 Ecol\u00f2gica i el Repte Demogr\u00e0fic (MITECO) l&#8217;establiment immediat de la doble tarifa el\u00e8ctrica en el regadiu"},"content":{"rendered":"\n<p>Davant la situaci\u00f3 de sequera extraordin\u00e0ria en diverses Demarcacions Hidrogr\u00e0fiques,&nbsp;La&nbsp;Uni\u00f3 Llauradora ha demanat al Ministeri de Transici\u00f3 Ecol\u00f2gica i el Repte Demogr\u00e0fic (MITECO) que establisca ja de manera excepcional la doble tarifa el\u00e8ctrica en el regadiu. Aquesta mesura pret\u00e9n reflectir les necessitats espec\u00edfiques del reg i considerar tant la disponibilitat d&#8217;aigua superficial com l&#8217;operaci\u00f3 de pous.<\/p>\n\n\n\n<p>Les tarifes proposades haurien de ser diferenciades, aplicant-se la tarifa m\u00e9s econ\u00f2mica durant els horaris nocturns i els caps de setmana, mentre que la tarifa m\u00e9s cara s&#8217;aplicaria fora d&#8217;aquests per\u00edodes. Aix\u00f2 implica eliminar les tarifes de les pot\u00e8ncies P1 a P4, quedant exclusivament les P5 i P6 que s\u00f3n les m\u00e9s assequibles.<\/p>\n\n\n\n<p>Mentre el Ministeri no&nbsp;complisca&nbsp;amb l&#8217;execuci\u00f3 de la doble tarifaci\u00f3, la qual l&#8217;obliga el Tribunal Suprem,&nbsp;La&nbsp;Uni\u00f3 proposa la creaci\u00f3 d&#8217;una l\u00ednia d&#8217;ajudes espec\u00edfica per compensar l&#8217;increment dels costos energ\u00e8tics per al regadiu. Aquesta ajuda seria crucial per a les comunitats de regants de demarcacions de la Comunitat Valenciana que han declarat situaci\u00f3 excepcional de sequera.<\/p>\n\n\n\n<p>A m\u00e9s,&nbsp;La&nbsp;Uni\u00f3 ha instat al Ministeri a incloure la Confederaci\u00f3 Hidrogr\u00e0fica del X\u00faquer dins del Reial decret llei 8\/2023, per accedir a mesures de suport destinades a pal\u00b7liar els efectes de la sequera i els conflictes a Ucra\u00efna i Orient Pr\u00f2xim.<\/p>\n\n\n\n<p>Les Comunitats de Regants de la Comunitat Valenciana s&#8217;enfronten a un dilema en l&#8217;\u00fas dels pous per al reg agr\u00edcola, ja que s&#8217;apliquen sis tarifes diferents segons els mesos i les hores d&#8217;\u00fas. Aix\u00f2 implica costos energ\u00e8tics significativament m\u00e9s elevats, especialment quan s&#8217;han de posar en marxa els pous tamb\u00e9 de dia per la falta d&#8217;aigua superficial.<\/p>\n\n\n\n<p>Carles Peris, secretari general de&nbsp;La&nbsp;Uni\u00f3, ha manifestat la preocupaci\u00f3 de l&#8217;organitzaci\u00f3 pels problemes que l&#8217;energia el\u00e8ctrica genera en el reg agr\u00edcola en temps de sequera, instant al&nbsp;MITECO&nbsp;a considerar les&nbsp;seues&nbsp;propostes i col\u00b7laborar per abordar aquesta problem\u00e0tica de manera efectiva.<\/p>\n","protected":false},"excerpt":{"rendered":"<p>Davant la situaci\u00f3 de sequera extraordin\u00e0ria en diverses Demarcacions Hidrogr\u00e0fiques,&nbsp;La&nbsp;Uni\u00f3 Llauradora ha demanat al Ministeri de Transici\u00f3 Ecol\u00f2gica i el Repte Demogr\u00e0fic (MITECO) que establisca ja de manera excepcional la doble tarifa el\u00e8ctrica en el regadiu. Aquesta mesura pret\u00e9n reflectir les necessitats espec\u00edfiques del reg i considerar tant la disponibilitat d&#8217;aigua superficial com l&#8217;operaci\u00f3 de &#8230; <a title=\"La Uni\u00f3 Llauradora reclama al Ministeri de Transici\u00f3 Ecol\u00f2gica i el Repte Demogr\u00e0fic (MITECO) l&#8217;establiment immediat de la doble tarifa el\u00e8ctrica en el regadiu\" class=\"read-more\" href=\"https:\/\/elcafedepipa.com\/index.php\/2024\/06\/05\/la-unio-llauradora-reclama-al-ministeri-de-transicio-ecologica-i-el-repte-demografic-miteco-lestabliment-immediat-de-la-doble-tarifa-electrica-en-el-regadiu\/\" aria-label=\"M\u00e9s informaci\u00f3 sobre La Uni\u00f3 Llauradora reclama al Ministeri de Transici\u00f3 Ecol\u00f2gica i el Repte Demogr\u00e0fic (MITECO) l&#8217;establiment immediat de la doble tarifa el\u00e8ctrica en el regadiu\">Read more<\/a><\/p>\n","protected":false},"author":2,"featured_media":1882,"comment_status":"closed","ping_status":"closed","sticky":false,"template":"","format":"standard","meta":{"om_disable_all_campaigns":false,"_monsterinsights_skip_tracking":false,"_monsterinsights_sitenote_active":false,"_monsterinsights_sitenote_note":"","_monsterinsights_sitenote_category":0,"_uf_show_specific_survey":0,"_uf_disable_surveys":false,"footnotes":""},"categories":[22],"tags":[],"class_list":["post-1881","post","type-post","status-publish","format-standard","has-post-thumbnail","hentry","category-portada"],"_links":{"self":[{"href":"https:\/\/elcafedepipa.com\/index.php\/wp-json\/wp\/v2\/posts\/1881","targetHints":{"allow":["GET"]}}],"collection":[{"href":"https:\/\/elcafedepipa.com\/index.php\/wp-json\/wp\/v2\/posts"}],"about":[{"href":"https:\/\/elcafedepipa.com\/index.php\/wp-json\/wp\/v2\/types\/post"}],"author":[{"embeddable":true,"href":"https:\/\/elcafedepipa.com\/index.php\/wp-json\/wp\/v2\/users\/2"}],"replies":[{"embeddable":true,"href":"https:\/\/elcafedepipa.com\/index.php\/wp-json\/wp\/v2\/comments?post=1881"}],"version-history":[{"count":0,"href":"https:\/\/elcafedepipa.com\/index.php\/wp-json\/wp\/v2\/posts\/1881\/revisions"}],"wp:featuredmedia":[{"embeddable":true,"href":"https:\/\/elcafedepipa.com\/index.php\/wp-json\/wp\/v2\/media\/1882"}],"wp:attachment":[{"href":"https:\/\/elcafedepipa.com\/index.php\/wp-json\/wp\/v2\/media?parent=1881"}],"wp:term":[{"taxonomy":"category","embeddable":true,"href":"https:\/\/elcafedepipa.com\/index.php\/wp-json\/wp\/v2\/categories?post=1881"},{"taxonomy":"post_tag","embeddable":true,"href":"https:\/\/elcafedepipa.com\/index.php\/wp-json\/wp\/v2\/tags?post=1881"}],"curies":[{"name":"wp","href":"https:\/\/api.w.org\/{rel}","templated":true}]}}