{"id":1862,"date":"2024-06-05T13:33:00","date_gmt":"2024-06-05T11:33:00","guid":{"rendered":"https:\/\/elcafedepipa.com\/?p=1862"},"modified":"2024-06-05T10:42:32","modified_gmt":"2024-06-05T08:42:32","slug":"el-pspv-de-la-vall-duixo-destaca-la-importancia-del-vot-jove-per-a-les-eleccions-europees","status":"publish","type":"post","link":"https:\/\/elcafedepipa.com\/index.php\/2024\/06\/05\/el-pspv-de-la-vall-duixo-destaca-la-importancia-del-vot-jove-per-a-les-eleccions-europees\/","title":{"rendered":"Podcast | El PSPV de la Vall d&#8217;Uix\u00f3 destaca la import\u00e0ncia del vot jove per a les eleccions europees"},"content":{"rendered":"\n<p><strong>\u00c0UDIO |<\/strong> El PSPV de la Vall d&#8217;Uix\u00f3 destaca la import\u00e0ncia del vot juvenil per a les eleccions europees, i de com afecta aquesta instituci\u00f3 a les generacions m\u00e9s joves en aspectes com l&#8217;habitatge, l&#8217;ocupaci\u00f3 o el transport p\u00fablic. Parlem amb Ximo Zorrilla, secretari general de joves del PSPV, i amb Manel Agea, membre de joves del PSPV.<\/p>\n\n\n\n<figure class=\"wp-block-audio\"><audio controls src=\"https:\/\/elcafedepipa.com\/wp-content\/uploads\/2024\/06\/jovespspv5juny.mp3\"><\/audio><\/figure>\n","protected":false},"excerpt":{"rendered":"<p>\u00c0UDIO | El PSPV de la Vall d&#8217;Uix\u00f3 destaca la import\u00e0ncia del vot juvenil per a les eleccions europees, i de com afecta aquesta instituci\u00f3 a les generacions m\u00e9s joves en aspectes com l&#8217;habitatge, l&#8217;ocupaci\u00f3 o el transport p\u00fablic. Parlem amb Ximo Zorrilla, secretari general de joves del PSPV, i amb Manel Agea, membre de &#8230; <a title=\"Podcast | El PSPV de la Vall d&#8217;Uix\u00f3 destaca la import\u00e0ncia del vot jove per a les eleccions europees\" class=\"read-more\" href=\"https:\/\/elcafedepipa.com\/index.php\/2024\/06\/05\/el-pspv-de-la-vall-duixo-destaca-la-importancia-del-vot-jove-per-a-les-eleccions-europees\/\" aria-label=\"M\u00e9s informaci\u00f3 sobre Podcast | El PSPV de la Vall d&#8217;Uix\u00f3 destaca la import\u00e0ncia del vot jove per a les eleccions europees\">Read more<\/a><\/p>\n","protected":false},"author":2,"featured_media":1863,"comment_status":"closed","ping_status":"closed","sticky":false,"template":"","format":"standard","meta":{"om_disable_all_campaigns":false,"_monsterinsights_skip_tracking":false,"_monsterinsights_sitenote_active":false,"_monsterinsights_sitenote_note":"","_monsterinsights_sitenote_category":0,"_uf_show_specific_survey":0,"_uf_disable_surveys":false,"footnotes":""},"categories":[2],"tags":[],"class_list":["post-1862","post","type-post","status-publish","format-standard","has-post-thumbnail","hentry","category-lavallduixo"],"_links":{"self":[{"href":"https:\/\/elcafedepipa.com\/index.php\/wp-json\/wp\/v2\/posts\/1862","targetHints":{"allow":["GET"]}}],"collection":[{"href":"https:\/\/elcafedepipa.com\/index.php\/wp-json\/wp\/v2\/posts"}],"about":[{"href":"https:\/\/elcafedepipa.com\/index.php\/wp-json\/wp\/v2\/types\/post"}],"author":[{"embeddable":true,"href":"https:\/\/elcafedepipa.com\/index.php\/wp-json\/wp\/v2\/users\/2"}],"replies":[{"embeddable":true,"href":"https:\/\/elcafedepipa.com\/index.php\/wp-json\/wp\/v2\/comments?post=1862"}],"version-history":[{"count":0,"href":"https:\/\/elcafedepipa.com\/index.php\/wp-json\/wp\/v2\/posts\/1862\/revisions"}],"wp:featuredmedia":[{"embeddable":true,"href":"https:\/\/elcafedepipa.com\/index.php\/wp-json\/wp\/v2\/media\/1863"}],"wp:attachment":[{"href":"https:\/\/elcafedepipa.com\/index.php\/wp-json\/wp\/v2\/media?parent=1862"}],"wp:term":[{"taxonomy":"category","embeddable":true,"href":"https:\/\/elcafedepipa.com\/index.php\/wp-json\/wp\/v2\/categories?post=1862"},{"taxonomy":"post_tag","embeddable":true,"href":"https:\/\/elcafedepipa.com\/index.php\/wp-json\/wp\/v2\/tags?post=1862"}],"curies":[{"name":"wp","href":"https:\/\/api.w.org\/{rel}","templated":true}]}}