{"id":18577,"date":"2025-11-03T13:32:38","date_gmt":"2025-11-03T12:32:38","guid":{"rendered":"https:\/\/elcafedepipa.com\/?p=18577"},"modified":"2025-11-03T13:32:39","modified_gmt":"2025-11-03T12:32:39","slug":"lajuntament-de-la-vall-duixo-culmina-al-95-la-reforma-del-teatre-municipal-carmen-tur","status":"publish","type":"post","link":"https:\/\/elcafedepipa.com\/index.php\/2025\/11\/03\/lajuntament-de-la-vall-duixo-culmina-al-95-la-reforma-del-teatre-municipal-carmen-tur\/","title":{"rendered":"L\u2019Ajuntament de la Vall d\u2019Uix\u00f3 culmina al 95% la reforma del Teatre Municipal Carmen Tur"},"content":{"rendered":"\n<p>L\u2019Ajuntament de la Vall d\u2019Uix\u00f3 ha realitzat la <strong>recepci\u00f3 parcial de les obres del Teatre Municipal Carmen Tur<\/strong>, que ja es troben <strong>culminades al 95%<\/strong>. La part d\u2019obra est\u00e0 completament finalitzada i tan sols falta instal\u00b7lar el tel\u00f3 i completar el tancament d\u2019alguns elements de les bambolines.<\/p>\n\n\n\n<p>Aquest cap de setmana ja s\u2019han celebrat les <strong>primeres activitats socioculturals<\/strong> despr\u00e9s de la seua reobertura, ja que es tracta d\u2019un dels espais culturals m\u00e9s emblem\u00e0tics i utilitzats del municipi. Entre les principals millores destaca la <strong>construcci\u00f3 d\u2019un nou escenari accessible<\/strong>, que permet pujar-hi amb facilitat a qualsevol persona amb mobilitat redu\u00efda i facilita l\u2019acc\u00e9s de les companyies i el material des de la part posterior.<\/p>\n\n\n\n<p>A m\u00e9s, <strong>l\u2019escena s\u2019ha enfosquit per a professionalitzar l\u2019espai i millorar l\u2019experi\u00e8ncia visual del p\u00fablic<\/strong>, tal com ha explicat el regidor de Cultura, <strong>Jorge Marqu\u00e9s<\/strong>. Tamb\u00e9 s\u2019ha unificat tot el nivell de l\u2019escenari, eliminant els graons i les difer\u00e8ncies d\u2019altura \u201cque dificultaven alguns muntatges\u201d, i s\u2019han instal\u00b7lat <strong>tarimes m\u00f2bils i desmuntables<\/strong> que permeten una <strong>major versatilitat d\u2019usos<\/strong>.<\/p>\n\n\n\n<p>Una altra de les actuacions clau ha sigut la <strong>cimentaci\u00f3 de la futura caixa esc\u00e8nica<\/strong>, l\u2019\u00faltima fase pendent de la reforma integral. Aquesta obra, que no \u00e9s visible a simple vista, ha suposat una intervenci\u00f3 t\u00e8cnica complexa, ja que ha incl\u00f2s la <strong>construcci\u00f3 d\u2019un aljub d\u2019aigua contra incendis sota l\u2019escenari<\/strong> i una nova estructura de suport, que fan l\u2019edifici m\u00e9s segur.<\/p>\n\n\n\n<p>Tamb\u00e9 s\u2019ha renovat la paret del fons per a <strong>millorar la insonoritzaci\u00f3 de la sala<\/strong>, evitant mol\u00e8sties al ve\u00efnat i millorant l\u2019ac\u00fastica interior. Aix\u00ed mateix, s\u2019ha <strong>restaurat i netejat la fa\u00e7ana<\/strong>, s\u2019han <strong>substitu\u00eft les finestres<\/strong> i s\u2019han <strong>segellat els buits<\/strong> per a evitar el degoteig de l\u2019aire condicionat cap al carrer, <strong>dignificant la imatge d\u2019un edifici emblem\u00e0tic<\/strong> per a la ciutat.<\/p>\n\n\n\n<p>El regidor de Cultura ha destacat que aquesta intervenci\u00f3 \u201c<strong>forma part del projecte local de cultura viva i oberta<\/strong>\u201d. \u201c<strong>No sols hem modernitzat un edifici, sin\u00f3 que estem creant un espai m\u00e9s inclusiu, promocionant les arts esc\u00e8niques i fomentant comunitats m\u00e9s actives i participatives culturalment<\/strong>, com a base per a construir un futur millor i potenciar la cultura com a sector econ\u00f2mic a la ciutat\u201d, ha assenyalat Marqu\u00e9s.<\/p>\n\n\n\n<p>Des de <strong>2016<\/strong> s\u2019han executat diverses fases de la <strong>reforma integral del Teatre Municipal Carmen Tur<\/strong>. Eixe any es va adequar el sostre interior i es va renovar la instal\u00b7laci\u00f3 el\u00e8ctrica. En <strong>2021<\/strong> es va substituir el revestiment de les parets, s\u2019adaptaren els banys i es van realitzar millores ac\u00fastiques i de seguretat contra incendis. En <strong>2023<\/strong> es va acometre la <strong>substituci\u00f3 de la coberta<\/strong> per a eliminar goteres i humitats i refor\u00e7ar l\u2019estructura.<\/p>\n\n\n\n<p>En total, l\u2019Ajuntament de la Vall d\u2019Uix\u00f3 ha <strong>invertit m\u00e9s de 700.000 euros<\/strong> en la <strong>modernitzaci\u00f3 del Teatre Municipal Carmen Tur<\/strong>, que afronta la seua recta final amb la futura construcci\u00f3 de la <strong>caixa esc\u00e8nica<\/strong>.<\/p>\n","protected":false},"excerpt":{"rendered":"<p>L\u2019Ajuntament de la Vall d\u2019Uix\u00f3 ha realitzat la recepci\u00f3 parcial de les obres del Teatre Municipal Carmen Tur, que ja es troben culminades al 95%. La part d\u2019obra est\u00e0 completament finalitzada i tan sols falta instal\u00b7lar el tel\u00f3 i completar el tancament d\u2019alguns elements de les bambolines. Aquest cap de setmana ja s\u2019han celebrat les &#8230; <a title=\"L\u2019Ajuntament de la Vall d\u2019Uix\u00f3 culmina al 95% la reforma del Teatre Municipal Carmen Tur\" class=\"read-more\" href=\"https:\/\/elcafedepipa.com\/index.php\/2025\/11\/03\/lajuntament-de-la-vall-duixo-culmina-al-95-la-reforma-del-teatre-municipal-carmen-tur\/\" aria-label=\"M\u00e9s informaci\u00f3 sobre L\u2019Ajuntament de la Vall d\u2019Uix\u00f3 culmina al 95% la reforma del Teatre Municipal Carmen Tur\">Read more<\/a><\/p>\n","protected":false},"author":2,"featured_media":18578,"comment_status":"closed","ping_status":"closed","sticky":false,"template":"","format":"standard","meta":{"om_disable_all_campaigns":false,"_monsterinsights_skip_tracking":false,"_monsterinsights_sitenote_active":false,"_monsterinsights_sitenote_note":"","_monsterinsights_sitenote_category":0,"_uf_show_specific_survey":0,"_uf_disable_surveys":false,"footnotes":""},"categories":[2],"tags":[],"class_list":["post-18577","post","type-post","status-publish","format-standard","has-post-thumbnail","hentry","category-lavallduixo"],"_links":{"self":[{"href":"https:\/\/elcafedepipa.com\/index.php\/wp-json\/wp\/v2\/posts\/18577","targetHints":{"allow":["GET"]}}],"collection":[{"href":"https:\/\/elcafedepipa.com\/index.php\/wp-json\/wp\/v2\/posts"}],"about":[{"href":"https:\/\/elcafedepipa.com\/index.php\/wp-json\/wp\/v2\/types\/post"}],"author":[{"embeddable":true,"href":"https:\/\/elcafedepipa.com\/index.php\/wp-json\/wp\/v2\/users\/2"}],"replies":[{"embeddable":true,"href":"https:\/\/elcafedepipa.com\/index.php\/wp-json\/wp\/v2\/comments?post=18577"}],"version-history":[{"count":2,"href":"https:\/\/elcafedepipa.com\/index.php\/wp-json\/wp\/v2\/posts\/18577\/revisions"}],"predecessor-version":[{"id":18580,"href":"https:\/\/elcafedepipa.com\/index.php\/wp-json\/wp\/v2\/posts\/18577\/revisions\/18580"}],"wp:featuredmedia":[{"embeddable":true,"href":"https:\/\/elcafedepipa.com\/index.php\/wp-json\/wp\/v2\/media\/18578"}],"wp:attachment":[{"href":"https:\/\/elcafedepipa.com\/index.php\/wp-json\/wp\/v2\/media?parent=18577"}],"wp:term":[{"taxonomy":"category","embeddable":true,"href":"https:\/\/elcafedepipa.com\/index.php\/wp-json\/wp\/v2\/categories?post=18577"},{"taxonomy":"post_tag","embeddable":true,"href":"https:\/\/elcafedepipa.com\/index.php\/wp-json\/wp\/v2\/tags?post=18577"}],"curies":[{"name":"wp","href":"https:\/\/api.w.org\/{rel}","templated":true}]}}