{"id":18566,"date":"2025-11-01T17:20:00","date_gmt":"2025-11-01T16:20:00","guid":{"rendered":"https:\/\/elcafedepipa.com\/?p=18566"},"modified":"2025-10-31T14:21:15","modified_gmt":"2025-10-31T13:21:15","slug":"el-sector-ecologic-de-la-comunitat-valenciana-reclama-en-una-enquesta-de-la-unio-una-revisio-profunda-del-sistema-de-certificacio-del-caecv","status":"publish","type":"post","link":"https:\/\/elcafedepipa.com\/index.php\/2025\/11\/01\/el-sector-ecologic-de-la-comunitat-valenciana-reclama-en-una-enquesta-de-la-unio-una-revisio-profunda-del-sistema-de-certificacio-del-caecv\/","title":{"rendered":"El sector ecol\u00f2gic de la Comunitat Valenciana reclama en una enquesta de LA UNI\u00d3 una revisi\u00f3 profunda del sistema de certificaci\u00f3 del CAECV"},"content":{"rendered":"\n<p>El sector ecol\u00f2gic de la Comunitat Valenciana reclama una revisi\u00f3 profunda de l&#8217;actual sistema de certificaci\u00f3 del Comit\u00e9 d&#8217;Agricultura Ecol\u00f2gica de la Comunitat Valenciana (CAECV) davant el malestar pels costos elevats, la c\u00e0rrega administrativa i la falta d&#8217;agilitat i transpar\u00e8ncia. S\u00f3n els resultats d&#8217;una enquesta elaborada per La Uni\u00f3 Llauradora i Ramadera entre els operadors ecol\u00f2gics valencians.<\/p>\n\n\n\n<p>El 72% dels operadors del sector ecol\u00f2gic considera que el cost de la certificaci\u00f3 \u00e9s alt o molt alt en la Comunitat Valenciana i en aquest sentit un 85% demana equiparar les tarifes a les d&#8217;altres comunitats aut\u00f2nomes. A m\u00e9s, el 43% qualifica d&#8217;excessiva o molt excessiva la c\u00e0rrega administrativa i una part significativa afirma dedicar m\u00e9s de 40 hores anuals a tots els tr\u00e0mits de certificaci\u00f3.<\/p>\n\n\n\n<p>\u201cNo pot ser que certificar en ecol\u00f2gic en la Comunitat Valenciana siga m\u00e9s car i complicat que en altres regions. Aix\u00f2 penalitza la competitivitat dels nostres llauradors i ramaders. Necessitem un sistema m\u00e9s just, \u00e0gil i adaptat a la realitat del camp\u201d, denuncia el secretari general de LA UNI\u00d3, Carles Peris.<\/p>\n\n\n\n<p>Els operadors valoren positivament la professionalitat del personal t\u00e8cnic del CAECV, per\u00f2 assenyalen defici\u00e8ncies en la transpar\u00e8ncia, la rapidesa dels tr\u00e0mits i la promoci\u00f3 del producte ecol\u00f2gic valenci\u00e0.<\/p>\n\n\n\n<p>M\u00e9s del 60% considera insuficient la labor de difusi\u00f3 i representaci\u00f3 del sector i un 70% reclama avan\u00e7ar en la digitalitzaci\u00f3 i simplificaci\u00f3 dels processos.<\/p>\n\n\n\n<p>\u201cEl CAECV t\u00e9 bons professionals, per\u00f2 la instituci\u00f3 ha de ser m\u00e9s pr\u00f2xima i transparent. Fa falta menys burocr\u00e0cia i m\u00e9s suport al productor\u201d, subratlla Peris.<\/p>\n\n\n\n<p>L&#8217;estudi tamb\u00e9 mostra un ampli suport a la certificaci\u00f3 p\u00fablica. El 76% de les persones confia m\u00e9s en ella que en la privada i existeix un consens quasi total, el 95% de les persones enquestades aposta per mantindre o refor\u00e7ar les ajudes de la Conselleria d&#8217;Agricultura a la certificaci\u00f3 ecol\u00f2gica.<\/p>\n\n\n\n<p>\u201cEl model ecol\u00f2gic \u00e9s el futur, per\u00f2 necessita un sistema de certificaci\u00f3 que acompanye, no que frene\u201d, conclou Peris.<\/p>\n\n\n\n<p>De l&#8217;enquesta de LA UNI\u00d3 es desprenen les principals demandes del sector ecol\u00f2gic valenci\u00e0 que passen en resum per equiparar les tarifes de certificaci\u00f3 a les d&#8217;altres comunitats, simplificar i digitalitzar els tr\u00e0mits administratius, refor\u00e7ar la transpar\u00e8ncia i la comunicaci\u00f3 del CAECV, impulsar la promoci\u00f3 del producte ecol\u00f2gic valenci\u00e0, aix\u00ed com mantindre i ampliar les ajudes p\u00fabliques a la certificaci\u00f3.<\/p>\n","protected":false},"excerpt":{"rendered":"<p>El sector ecol\u00f2gic de la Comunitat Valenciana reclama una revisi\u00f3 profunda de l&#8217;actual sistema de certificaci\u00f3 del Comit\u00e9 d&#8217;Agricultura Ecol\u00f2gica de la Comunitat Valenciana (CAECV) davant el malestar pels costos elevats, la c\u00e0rrega administrativa i la falta d&#8217;agilitat i transpar\u00e8ncia. S\u00f3n els resultats d&#8217;una enquesta elaborada per La Uni\u00f3 Llauradora i Ramadera entre els operadors &#8230; <a title=\"El sector ecol\u00f2gic de la Comunitat Valenciana reclama en una enquesta de LA UNI\u00d3 una revisi\u00f3 profunda del sistema de certificaci\u00f3 del CAECV\" class=\"read-more\" href=\"https:\/\/elcafedepipa.com\/index.php\/2025\/11\/01\/el-sector-ecologic-de-la-comunitat-valenciana-reclama-en-una-enquesta-de-la-unio-una-revisio-profunda-del-sistema-de-certificacio-del-caecv\/\" aria-label=\"M\u00e9s informaci\u00f3 sobre El sector ecol\u00f2gic de la Comunitat Valenciana reclama en una enquesta de LA UNI\u00d3 una revisi\u00f3 profunda del sistema de certificaci\u00f3 del CAECV\">Read more<\/a><\/p>\n","protected":false},"author":2,"featured_media":18567,"comment_status":"closed","ping_status":"closed","sticky":false,"template":"","format":"standard","meta":{"om_disable_all_campaigns":false,"_monsterinsights_skip_tracking":false,"_monsterinsights_sitenote_active":false,"_monsterinsights_sitenote_note":"","_monsterinsights_sitenote_category":0,"_uf_show_specific_survey":0,"_uf_disable_surveys":false,"footnotes":""},"categories":[11],"tags":[],"class_list":["post-18566","post","type-post","status-publish","format-standard","has-post-thumbnail","hentry","category-comunitatvalenciana"],"_links":{"self":[{"href":"https:\/\/elcafedepipa.com\/index.php\/wp-json\/wp\/v2\/posts\/18566","targetHints":{"allow":["GET"]}}],"collection":[{"href":"https:\/\/elcafedepipa.com\/index.php\/wp-json\/wp\/v2\/posts"}],"about":[{"href":"https:\/\/elcafedepipa.com\/index.php\/wp-json\/wp\/v2\/types\/post"}],"author":[{"embeddable":true,"href":"https:\/\/elcafedepipa.com\/index.php\/wp-json\/wp\/v2\/users\/2"}],"replies":[{"embeddable":true,"href":"https:\/\/elcafedepipa.com\/index.php\/wp-json\/wp\/v2\/comments?post=18566"}],"version-history":[{"count":1,"href":"https:\/\/elcafedepipa.com\/index.php\/wp-json\/wp\/v2\/posts\/18566\/revisions"}],"predecessor-version":[{"id":18568,"href":"https:\/\/elcafedepipa.com\/index.php\/wp-json\/wp\/v2\/posts\/18566\/revisions\/18568"}],"wp:featuredmedia":[{"embeddable":true,"href":"https:\/\/elcafedepipa.com\/index.php\/wp-json\/wp\/v2\/media\/18567"}],"wp:attachment":[{"href":"https:\/\/elcafedepipa.com\/index.php\/wp-json\/wp\/v2\/media?parent=18566"}],"wp:term":[{"taxonomy":"category","embeddable":true,"href":"https:\/\/elcafedepipa.com\/index.php\/wp-json\/wp\/v2\/categories?post=18566"},{"taxonomy":"post_tag","embeddable":true,"href":"https:\/\/elcafedepipa.com\/index.php\/wp-json\/wp\/v2\/tags?post=18566"}],"curies":[{"name":"wp","href":"https:\/\/api.w.org\/{rel}","templated":true}]}}