{"id":18556,"date":"2025-10-31T14:07:31","date_gmt":"2025-10-31T13:07:31","guid":{"rendered":"https:\/\/elcafedepipa.com\/?p=18556"},"modified":"2025-10-31T14:07:34","modified_gmt":"2025-10-31T13:07:34","slug":"lajuntament-de-la-vall-duixo-repara-els-camins-rurals-afectats-per-les-pluges-amb-un-contracte-demergencia","status":"publish","type":"post","link":"https:\/\/elcafedepipa.com\/index.php\/2025\/10\/31\/lajuntament-de-la-vall-duixo-repara-els-camins-rurals-afectats-per-les-pluges-amb-un-contracte-demergencia\/","title":{"rendered":"L\u2019Ajuntament de la Vall d\u2019Uix\u00f3 repara els camins rurals afectats per les pluges amb un contracte d\u2019emerg\u00e8ncia"},"content":{"rendered":"\n<p><em>S\u2019inverteixen 9.500 euros en treballs extraordinaris de reparaci\u00f3 i refor\u00e7 amb maquin\u00e0ria per a garantir l\u2019acc\u00e9s a les finques en plena campanya citr\u00edcola<\/em><\/p>\n\n\n\n<p>L\u2019Ajuntament de la Vall d\u2019Uix\u00f3 est\u00e0 duent a terme treballs extraordinaris de <strong>reparaci\u00f3 de camins rurals<\/strong> despr\u00e9s de les <strong>pluges torrencials i abundants registrades durant el mes d\u2019octubre<\/strong>. Alguns camins de terra o grava han quedat molt afectats, dificultant o impedint la circulaci\u00f3 de vehicles i l\u2019acc\u00e9s a les finques agr\u00edcoles.<\/p>\n\n\n\n<p>Des de la <strong>Regidoria d\u2019Agricultura<\/strong> s\u2019ha activat un <strong>contracte d\u2019emerg\u00e8ncia de 9.500 euros<\/strong> per a refor\u00e7ar els treballs amb una <strong>m\u00e0quina retroexcavadora i un rodet compactador<\/strong>, amb l\u2019objectiu d\u2019accelerar la recuperaci\u00f3 i l\u2019arranjament dels camins m\u00e9s danyats.<\/p>\n\n\n\n<p>El <strong>regidor d\u2019Agricultura, Marc Seguer<\/strong>, ha explicat que aquest refor\u00e7 \u201c<strong>se suma als treballs que des del primer dia est\u00e0 realitzant la brigada d\u2019agricultura amb els seus propis mitjans<\/strong>\u201d, per\u00f2 que, donada la gran quantitat de vies afectades, \u201c<strong>ha sigut necessari incrementar els recursos, especialment perqu\u00e8 estem a l\u2019inici de la campanya citr\u00edcola i hi ha camins amb molt de tr\u00e0nsit de vehicles que s\u2019havien de reparar amb urg\u00e8ncia<\/strong>\u201d.<\/p>\n\n\n\n<p>Els treballs contractats d\u2019emerg\u00e8ncia han comen\u00e7at aquesta setmana al <strong>Cam\u00ed La Punta<\/strong> i continuaran la pr\u00f2xima al <strong>Cam\u00ed de l\u2019Anogueret<\/strong> i altres zones del terme municipal. Seguer ha recordat que \u201c<strong>si alguna persona necessita que es repare algun cam\u00ed per a accedir a les seues finques o casetes pot posar-se en contacte amb la Regidoria d\u2019Agricultura, presentant una inst\u00e0ncia o acudint presencialment, i s\u2019atendr\u00e0 la seua sol\u00b7licitud<\/strong>\u201d.<\/p>\n\n\n\n<p>D\u2019altra banda, aquesta setmana tamb\u00e9 ha arribat la <strong>maquin\u00e0ria de desbrossament<\/strong> que anualment presta la <strong>Diputaci\u00f3 de Castell\u00f3<\/strong> a l\u2019Ajuntament per a dur a terme tasques de neteja i manteniment. Aquesta brigada ha actuat aquests dies al <strong>Barranc de l\u2019Horteta<\/strong> i, en els pr\u00f2xims, continuar\u00e0 en altres camins, barrancs i encreuaments de carreteres.<\/p>\n\n\n\n<p>Seguer ha assenyalat que, a causa de les pluges i de les <strong>temperatures inusualment altes per a aquesta \u00e8poca de l\u2019any<\/strong>, \u201c<strong>l\u2019herba no para de cr\u00e9ixer, per la qual cosa \u00e9s fonamental mantindre els camins nets i transitables<\/strong>\u201d. Aquestes dues actuacions combinades \u2014la reparaci\u00f3 dels camins i el desbrossament del terme municipal\u2014 <strong>permeten millorar la seguretat, la visibilitat i l\u2019acc\u00e9s a les zones agr\u00edcoles<\/strong>, especialment en un <strong>moment clau per al sector citr\u00edcola<\/strong>.<\/p>\n","protected":false},"excerpt":{"rendered":"<p>S\u2019inverteixen 9.500 euros en treballs extraordinaris de reparaci\u00f3 i refor\u00e7 amb maquin\u00e0ria per a garantir l\u2019acc\u00e9s a les finques en plena campanya citr\u00edcola L\u2019Ajuntament de la Vall d\u2019Uix\u00f3 est\u00e0 duent a terme treballs extraordinaris de reparaci\u00f3 de camins rurals despr\u00e9s de les pluges torrencials i abundants registrades durant el mes d\u2019octubre. Alguns camins de terra &#8230; <a title=\"L\u2019Ajuntament de la Vall d\u2019Uix\u00f3 repara els camins rurals afectats per les pluges amb un contracte d\u2019emerg\u00e8ncia\" class=\"read-more\" href=\"https:\/\/elcafedepipa.com\/index.php\/2025\/10\/31\/lajuntament-de-la-vall-duixo-repara-els-camins-rurals-afectats-per-les-pluges-amb-un-contracte-demergencia\/\" aria-label=\"M\u00e9s informaci\u00f3 sobre L\u2019Ajuntament de la Vall d\u2019Uix\u00f3 repara els camins rurals afectats per les pluges amb un contracte d\u2019emerg\u00e8ncia\">Read more<\/a><\/p>\n","protected":false},"author":2,"featured_media":18557,"comment_status":"closed","ping_status":"closed","sticky":false,"template":"","format":"standard","meta":{"om_disable_all_campaigns":false,"_monsterinsights_skip_tracking":false,"_monsterinsights_sitenote_active":false,"_monsterinsights_sitenote_note":"","_monsterinsights_sitenote_category":0,"_uf_show_specific_survey":0,"_uf_disable_surveys":false,"footnotes":""},"categories":[2],"tags":[],"class_list":["post-18556","post","type-post","status-publish","format-standard","has-post-thumbnail","hentry","category-lavallduixo"],"_links":{"self":[{"href":"https:\/\/elcafedepipa.com\/index.php\/wp-json\/wp\/v2\/posts\/18556","targetHints":{"allow":["GET"]}}],"collection":[{"href":"https:\/\/elcafedepipa.com\/index.php\/wp-json\/wp\/v2\/posts"}],"about":[{"href":"https:\/\/elcafedepipa.com\/index.php\/wp-json\/wp\/v2\/types\/post"}],"author":[{"embeddable":true,"href":"https:\/\/elcafedepipa.com\/index.php\/wp-json\/wp\/v2\/users\/2"}],"replies":[{"embeddable":true,"href":"https:\/\/elcafedepipa.com\/index.php\/wp-json\/wp\/v2\/comments?post=18556"}],"version-history":[{"count":1,"href":"https:\/\/elcafedepipa.com\/index.php\/wp-json\/wp\/v2\/posts\/18556\/revisions"}],"predecessor-version":[{"id":18558,"href":"https:\/\/elcafedepipa.com\/index.php\/wp-json\/wp\/v2\/posts\/18556\/revisions\/18558"}],"wp:featuredmedia":[{"embeddable":true,"href":"https:\/\/elcafedepipa.com\/index.php\/wp-json\/wp\/v2\/media\/18557"}],"wp:attachment":[{"href":"https:\/\/elcafedepipa.com\/index.php\/wp-json\/wp\/v2\/media?parent=18556"}],"wp:term":[{"taxonomy":"category","embeddable":true,"href":"https:\/\/elcafedepipa.com\/index.php\/wp-json\/wp\/v2\/categories?post=18556"},{"taxonomy":"post_tag","embeddable":true,"href":"https:\/\/elcafedepipa.com\/index.php\/wp-json\/wp\/v2\/tags?post=18556"}],"curies":[{"name":"wp","href":"https:\/\/api.w.org\/{rel}","templated":true}]}}