{"id":18553,"date":"2025-10-31T14:03:32","date_gmt":"2025-10-31T13:03:32","guid":{"rendered":"https:\/\/elcafedepipa.com\/?p=18553"},"modified":"2025-10-31T14:03:33","modified_gmt":"2025-10-31T13:03:33","slug":"dones-de-ciencia-homenatja-la-quimica-i-primera-presidenta-del-csic-rosa-menendez-amb-un-mural-a-moncofa","status":"publish","type":"post","link":"https:\/\/elcafedepipa.com\/index.php\/2025\/10\/31\/dones-de-ciencia-homenatja-la-quimica-i-primera-presidenta-del-csic-rosa-menendez-amb-un-mural-a-moncofa\/","title":{"rendered":"Dones de Ci\u00e8ncia homenatja la qu\u00edmica i primera presidenta del CSIC, Rosa Men\u00e9ndez amb un mural a Moncofa"},"content":{"rendered":"\n<p>La qu\u00edmica Rosa Men\u00e9ndez, primera dona que va presidir el Consell Superior d&#8217;Investigacions Cient\u00edfiques (CSIC), ha inaugurat aquest mat\u00ed el mural amb el qual la Universitat Polit\u00e8cnica de Val\u00e8ncia (UPV) li ret homenatge en el projecte Dones de Ci\u00e8ncia. Un mural que, a m\u00e9s, t\u00e9 un significat especial, perqu\u00e8 est\u00e0 situat a Moncofa, en l\u2019escola que porta per nom el d&#8217;un dels cient\u00edfics espanyols m\u00e9s destacats de l&#8217;actualitat: el CEIP Avel\u00b7l\u00ed Corma.<\/p>\n\n\n\n<p>Acompanyada precisament d&#8217;Avel\u00b7l\u00ed Corma, l&#8217;alcalde de Moncofa, Wences Al\u00f3s Valls, el rector de la UPV, Jos\u00e9 E. Capella, i el delegat del CSIC a la Comunitat Valenciana, Juan Fuster, Rosa Men\u00e9ndez ha mostrat l\u2019enorme gratitud per passar a formar part d&#8217;aquest projecte i ha incidit en la import\u00e0ncia de la conscienciaci\u00f3 en la igualtat de capacitats des de les edats m\u00e9s primerenques.<\/p>\n\n\n\n<p>\u201cI quin millor lloc que fer-ho en un col\u00b7legi. I si a aix\u00f2 afegim que \u00e9s el centre que porta el nom d&#8217;un cient\u00edfic de la talla d&#8217;Avel\u00b7l\u00ed Corma, bon company i amic, perqu\u00e8 qu\u00e8 volen que els diga, em sent profundament emocionada\u201d, ha destacat Rosa Men\u00e9ndez, que ha assegurat a m\u00e9s sentir-se \u201cmolt afalagada i molt ben acompanyada per l&#8217;elenc de cient\u00edfiques que formen part del projecte\u201d.<\/p>\n\n\n\n<p>L&#8217;alcalde de Moncofa, Wences Al\u00f3s Valls, ha agra\u00eft \u201cla iniciativa de la Universitat Polit\u00e8cnica i la col\u00b7laboraci\u00f3 del CEIP Avel\u00b7l\u00ed Corma\u201d. A m\u00e9s ha ressaltat que \u201caix\u00ed continuem la iniciativa de l&#8217;Ajuntament de Moncofa promocionant la ci\u00e8ncia en la localitat. Una mostra \u00e9s el mural dedicat al nostre cient\u00edfic m\u00e9s insigne i reconegut, Avel\u00b7l\u00ed Corma, en la fa\u00e7ana de la mateixa escola\u201d. Per al primer edil d&#8217;aquesta manera es visibilitza la ci\u00e8ncia, els cient\u00edfics i, en el cas del mural inaugurat hui \u201cdonem rellev\u00e0ncia especial al paper de la dona en la ci\u00e8ncia, tantes vegades injustament oblidades i amagades en la hist\u00f2ria\u201d.<\/p>\n\n\n\n<p>El mural \u00e9s obra de l&#8217;artista zamorana Laura Merayo i s&#8217;hi endevinen refer\u00e8ncies tant a la traject\u00f2ria cient\u00edfica de Rosa Men\u00e9ndez, com a la seua passi\u00f3 pel camp, Ast\u00faries i els seus vincles familiars.<\/p>\n\n\n\n<p>\u201cEn parlar amb Rosa em va comentar que estava molt unida a sa mare, que havia treballat molt en el camp, a la seua terra Ast\u00faries, i que li encantaven les flors. \u00c9s per aix\u00f2 que he usat motius florals en les il\u00b7lustracions, aix\u00ed com la representaci\u00f3 d&#8217;utensilis de cultiu i la representaci\u00f3 del camp. Els colors que he usat han sigut roses i morats majorit\u00e0riament, per la similitud amb l&#8217;harmonia de les flors\u201d, ha explicat Laura durant la inauguraci\u00f3.<\/p>\n\n\n\n<p>Un projecte que continuar\u00e0 creixent aquest curs<\/p>\n\n\n\n<p>Tant l&#8217;artista com la investigadora han destacat la import\u00e0ncia de Dones de Ci\u00e8ncia per a visibilitzar el paper de la dona en la ci\u00e8ncia i en l&#8217;art. \u201cHo fa d&#8217;una forma molt directa i atractiva que no pot deixar indiferent a qui transite davant del mural. Segur que m\u00e9s d&#8217;una persona indagar\u00e0 qui \u00e9s eixa dona que des d&#8217;ara est\u00e0 al pati del col\u00b7legi\u201d, ha destacat Rosa Men\u00e9ndez.<\/p>\n\n\n\n<p>Amb aquest, s\u00f3n ja 46 murals amb qu\u00e8 compta el projecte, reconegut ja a nivell nacional i internacional i que continuar\u00e0 creixent al llarg del curs, amb el suport novament de la Fundaci\u00f3 Espanyola per a la Ci\u00e8ncia i la Tecnologia (FECYT) del Ministeri de Ci\u00e8ncia i Innovaci\u00f3.<\/p>\n","protected":false},"excerpt":{"rendered":"<p>La qu\u00edmica Rosa Men\u00e9ndez, primera dona que va presidir el Consell Superior d&#8217;Investigacions Cient\u00edfiques (CSIC), ha inaugurat aquest mat\u00ed el mural amb el qual la Universitat Polit\u00e8cnica de Val\u00e8ncia (UPV) li ret homenatge en el projecte Dones de Ci\u00e8ncia. Un mural que, a m\u00e9s, t\u00e9 un significat especial, perqu\u00e8 est\u00e0 situat a Moncofa, en l\u2019escola &#8230; <a title=\"Dones de Ci\u00e8ncia homenatja la qu\u00edmica i primera presidenta del CSIC, Rosa Men\u00e9ndez amb un mural a Moncofa\" class=\"read-more\" href=\"https:\/\/elcafedepipa.com\/index.php\/2025\/10\/31\/dones-de-ciencia-homenatja-la-quimica-i-primera-presidenta-del-csic-rosa-menendez-amb-un-mural-a-moncofa\/\" aria-label=\"M\u00e9s informaci\u00f3 sobre Dones de Ci\u00e8ncia homenatja la qu\u00edmica i primera presidenta del CSIC, Rosa Men\u00e9ndez amb un mural a Moncofa\">Read more<\/a><\/p>\n","protected":false},"author":2,"featured_media":18554,"comment_status":"closed","ping_status":"closed","sticky":false,"template":"","format":"standard","meta":{"om_disable_all_campaigns":false,"_monsterinsights_skip_tracking":false,"_monsterinsights_sitenote_active":false,"_monsterinsights_sitenote_note":"","_monsterinsights_sitenote_category":0,"_uf_show_specific_survey":0,"_uf_disable_surveys":false,"footnotes":""},"categories":[4],"tags":[],"class_list":["post-18553","post","type-post","status-publish","format-standard","has-post-thumbnail","hentry","category-moncofa"],"_links":{"self":[{"href":"https:\/\/elcafedepipa.com\/index.php\/wp-json\/wp\/v2\/posts\/18553","targetHints":{"allow":["GET"]}}],"collection":[{"href":"https:\/\/elcafedepipa.com\/index.php\/wp-json\/wp\/v2\/posts"}],"about":[{"href":"https:\/\/elcafedepipa.com\/index.php\/wp-json\/wp\/v2\/types\/post"}],"author":[{"embeddable":true,"href":"https:\/\/elcafedepipa.com\/index.php\/wp-json\/wp\/v2\/users\/2"}],"replies":[{"embeddable":true,"href":"https:\/\/elcafedepipa.com\/index.php\/wp-json\/wp\/v2\/comments?post=18553"}],"version-history":[{"count":1,"href":"https:\/\/elcafedepipa.com\/index.php\/wp-json\/wp\/v2\/posts\/18553\/revisions"}],"predecessor-version":[{"id":18555,"href":"https:\/\/elcafedepipa.com\/index.php\/wp-json\/wp\/v2\/posts\/18553\/revisions\/18555"}],"wp:featuredmedia":[{"embeddable":true,"href":"https:\/\/elcafedepipa.com\/index.php\/wp-json\/wp\/v2\/media\/18554"}],"wp:attachment":[{"href":"https:\/\/elcafedepipa.com\/index.php\/wp-json\/wp\/v2\/media?parent=18553"}],"wp:term":[{"taxonomy":"category","embeddable":true,"href":"https:\/\/elcafedepipa.com\/index.php\/wp-json\/wp\/v2\/categories?post=18553"},{"taxonomy":"post_tag","embeddable":true,"href":"https:\/\/elcafedepipa.com\/index.php\/wp-json\/wp\/v2\/tags?post=18553"}],"curies":[{"name":"wp","href":"https:\/\/api.w.org\/{rel}","templated":true}]}}