{"id":18550,"date":"2025-10-31T17:25:00","date_gmt":"2025-10-31T16:25:00","guid":{"rendered":"https:\/\/elcafedepipa.com\/?p=18550"},"modified":"2025-10-31T14:01:54","modified_gmt":"2025-10-31T13:01:54","slug":"nules-vol-sensibilitzar-la-ciutadania-en-la-conservacio-de-colonies-de-ratpenats","status":"publish","type":"post","link":"https:\/\/elcafedepipa.com\/index.php\/2025\/10\/31\/nules-vol-sensibilitzar-la-ciutadania-en-la-conservacio-de-colonies-de-ratpenats\/","title":{"rendered":"Nules vol sensibilitzar la ciutadania en la conservaci\u00f3 de col\u00f2nies de ratpenats"},"content":{"rendered":"\n<p>Amb l\u2019objectiu de sensibilitzar la ciutadania de Nules cap a la conservaci\u00f3 de les col\u00f2nies de ratpenats, la seua instauraci\u00f3, estabilitzaci\u00f3 i increment s\u2019ha signat recentment un conveni entre l\u2019Ajuntament de Nules i l\u2019assemblea local de Creu Roja a Nules.<\/p>\n\n\n\n<p>Aquest projecte, que es materialitzar\u00e0 en les properes setmanes, consisteix en la construcci\u00f3, instal\u00b7laci\u00f3 i seguiment de caixes niu per a ratpenats que s\u2019ubicaran al casc urb\u00e0 de Nules i a la poblaci\u00f3 mar\u00edtima.<\/p>\n\n\n\n<p>Aix\u00ed, aquest projecte compta, a m\u00e9s, amb la col\u00b7laboraci\u00f3 de David Albarrac\u00edn, especialista en impressi\u00f3 3D, per al disseny de les caixes niu s\u2019ha contactat amb la Sociedad Espa\u00f1ola para la Conservaci\u00f3n y Estudio de los Murci\u00e9lagos (SECEMU), i aix\u00ed mateix per al seguiment s\u2019utilitzar\u00e0 un detector d\u2019ultras\u00f2 que adquirir\u00e0 el consistori.<\/p>\n\n\n\n<p>Des de la regidoria de Medi Ambient, C\u00e9sar Esta\u00f1ol, ha assenyalat l\u2019enorme import\u00e0ncia ecol\u00f2gica que presenta aquesta esp\u00e8cie de mam\u00edfer, \u201cels ratpenats contribueixen a regular les poblacions d\u2019insectes, i s\u00f3n capa\u00e7os d\u2019ingerir en una sola nit entre mil i tres mil mosquits\u201d.<\/p>\n\n\n\n<p>La modificaci\u00f3 dels h\u00e0bitats ha suposat un important descens de poblacions de ratpenats, de manera que la instal\u00b7laci\u00f3 d\u2019aquestes caixes niu pot contribuir a la seua recuperaci\u00f3.<\/p>\n","protected":false},"excerpt":{"rendered":"<p>Amb l\u2019objectiu de sensibilitzar la ciutadania de Nules cap a la conservaci\u00f3 de les col\u00f2nies de ratpenats, la seua instauraci\u00f3, estabilitzaci\u00f3 i increment s\u2019ha signat recentment un conveni entre l\u2019Ajuntament de Nules i l\u2019assemblea local de Creu Roja a Nules. Aquest projecte, que es materialitzar\u00e0 en les properes setmanes, consisteix en la construcci\u00f3, instal\u00b7laci\u00f3 i &#8230; <a title=\"Nules vol sensibilitzar la ciutadania en la conservaci\u00f3 de col\u00f2nies de ratpenats\" class=\"read-more\" href=\"https:\/\/elcafedepipa.com\/index.php\/2025\/10\/31\/nules-vol-sensibilitzar-la-ciutadania-en-la-conservacio-de-colonies-de-ratpenats\/\" aria-label=\"M\u00e9s informaci\u00f3 sobre Nules vol sensibilitzar la ciutadania en la conservaci\u00f3 de col\u00f2nies de ratpenats\">Read more<\/a><\/p>\n","protected":false},"author":2,"featured_media":18551,"comment_status":"closed","ping_status":"closed","sticky":false,"template":"","format":"standard","meta":{"om_disable_all_campaigns":false,"_monsterinsights_skip_tracking":false,"_monsterinsights_sitenote_active":false,"_monsterinsights_sitenote_note":"","_monsterinsights_sitenote_category":0,"_uf_show_specific_survey":0,"_uf_disable_surveys":false,"footnotes":""},"categories":[3],"tags":[],"class_list":["post-18550","post","type-post","status-publish","format-standard","has-post-thumbnail","hentry","category-nules"],"_links":{"self":[{"href":"https:\/\/elcafedepipa.com\/index.php\/wp-json\/wp\/v2\/posts\/18550","targetHints":{"allow":["GET"]}}],"collection":[{"href":"https:\/\/elcafedepipa.com\/index.php\/wp-json\/wp\/v2\/posts"}],"about":[{"href":"https:\/\/elcafedepipa.com\/index.php\/wp-json\/wp\/v2\/types\/post"}],"author":[{"embeddable":true,"href":"https:\/\/elcafedepipa.com\/index.php\/wp-json\/wp\/v2\/users\/2"}],"replies":[{"embeddable":true,"href":"https:\/\/elcafedepipa.com\/index.php\/wp-json\/wp\/v2\/comments?post=18550"}],"version-history":[{"count":1,"href":"https:\/\/elcafedepipa.com\/index.php\/wp-json\/wp\/v2\/posts\/18550\/revisions"}],"predecessor-version":[{"id":18552,"href":"https:\/\/elcafedepipa.com\/index.php\/wp-json\/wp\/v2\/posts\/18550\/revisions\/18552"}],"wp:featuredmedia":[{"embeddable":true,"href":"https:\/\/elcafedepipa.com\/index.php\/wp-json\/wp\/v2\/media\/18551"}],"wp:attachment":[{"href":"https:\/\/elcafedepipa.com\/index.php\/wp-json\/wp\/v2\/media?parent=18550"}],"wp:term":[{"taxonomy":"category","embeddable":true,"href":"https:\/\/elcafedepipa.com\/index.php\/wp-json\/wp\/v2\/categories?post=18550"},{"taxonomy":"post_tag","embeddable":true,"href":"https:\/\/elcafedepipa.com\/index.php\/wp-json\/wp\/v2\/tags?post=18550"}],"curies":[{"name":"wp","href":"https:\/\/api.w.org\/{rel}","templated":true}]}}