{"id":18547,"date":"2025-10-31T13:59:19","date_gmt":"2025-10-31T12:59:19","guid":{"rendered":"https:\/\/elcafedepipa.com\/?p=18547"},"modified":"2025-10-31T13:59:20","modified_gmt":"2025-10-31T12:59:20","slug":"nules-vol-ampliar-les-seues-collaboracions-amb-la-uned","status":"publish","type":"post","link":"https:\/\/elcafedepipa.com\/index.php\/2025\/10\/31\/nules-vol-ampliar-les-seues-collaboracions-amb-la-uned\/","title":{"rendered":"Nules vol ampliar les seues col\u00b7laboracions amb la UNED"},"content":{"rendered":"\n<p>Nules vol seguir col\u00b7laborant i ampliant la seua cooperaci\u00f3 amb la UNED Castell\u00f3-Vila-real, aix\u00ed ho ha traslladat l\u2019alcalde, David Garc\u00eda, al director del centre associat de la UNED Vila-real, Alejandro Ribes, en la reuni\u00f3 celebrada recentment al consistori.<\/p>\n\n\n\n<p>Cal assenyalar que, Nules ha estat seu en els \u00faltims anys de diferents cursos d\u2019extensi\u00f3 universit\u00e0ria i de seminaris, \u201cde manera que hem plantejat a la direcci\u00f3 de la UNED la voluntat de l\u2019ajuntament de seguir col\u00b7laborant amb la universitat amb l\u2019objectiu d\u2019oferir al ve\u00efnat de la nostra poblaci\u00f3 la possibilitat de formar-se en diferents mat\u00e8ries emmarcades en cicles d\u2019educaci\u00f3 superior\u201d, comenta l\u2019alcalde, David Garc\u00eda.<\/p>\n\n\n\n<p>Aix\u00ed mateix, des de l\u2019Ajuntament de Nules s\u2019ha proposat tamb\u00e9 la seua predisposici\u00f3 a ampliar noves col\u00b7laboracions entre les dos entitats, en concret es vol seguir ampliant els convenis amb nous cursos de formaci\u00f3 a partir del mes de gener, i tamb\u00e9 s\u2019est\u00e0 treballant en la creaci\u00f3 d\u2019una c\u00e0tedra universit\u00e0ria de \u201cNecesidades Especiales de Apoyo a la Educaci\u00f3n\u201d (NEAE).<\/p>\n\n\n\n<p>En aquest sentit, cal recordar, a m\u00e9s, que la localitat de Nules alberga per quart any consecutiu un aulari de la UNED S\u00e8nior, que comptat amb una gran acceptaci\u00f3. Aquest mes d\u2019octubre han comen\u00e7at les classes de la UNED S\u00e8nior Nules amb una gran participaci\u00f3, donat que s\u2019ha superat el m\u00ednim d\u2019alumnat previst per a l\u2019inici d\u2019aquest curs. De fet, aquest curs va dirigit a persones majors de 55 anys, i s\u00f3n al voltant de 30 persones les que hi estan participant en el mateix.<\/p>\n\n\n\n<p>Aquesta aula de la UNED S\u00e8nior compta amb un total de 12 assignatures i amb professorat majorit\u00e0riament de Nules amb formaci\u00f3 en diferents disciplines.<\/p>\n\n\n\n<p>En concret, el curs es divideix en dos quadrimestres que es desenvoluparan al llarg dels mesos d\u2019octubre a maig i comptar\u00e0 amb un total de sis assignatures per cadascun dels quadrimestres, de manera que entre el contingut es troben assignatures com ara \u201cCuidar el cerebro:memoria, atenci\u00f3n y neuroplasticidad\u201d; \u201cNociones de literatura universal\u201d; \u201cHistoria de Nules\u201d; \u201cEcos del pasado:claves para entender el presente\u201d; \u201cEstrategias frente a la desinformaci\u00f3n\u201d; \u201cPeriodismo pr\u00e1ctico y actrual\u201d; \u201cpromoci\u00f3n de la salud y el equilibrio psicoemocional en adultos mayores\u201d; o \u201cCiencias ambientales\u201d.<\/p>\n\n\n\n<p>Cal recordar que, l\u2019Ajuntament de Nules va signar el seu primer conveni amb la UNED Vila-real per a que Nules alberg\u00e9s una aula UNED S\u00e8nior el curs 2022\/2023 amb l\u2019objectiu d\u2019oferir a les persones majors interessades nous coneixements i formaci\u00f3.<\/p>\n\n\n\n<p>Davant a\u00e7\u00f2, l\u2019alcalde de Nules, David Garc\u00eda, mostra la seua satisfacci\u00f3 per l\u2019inter\u00e8s que ha generat entre les persones majors del municipi aquests cursos.<\/p>\n","protected":false},"excerpt":{"rendered":"<p>Nules vol seguir col\u00b7laborant i ampliant la seua cooperaci\u00f3 amb la UNED Castell\u00f3-Vila-real, aix\u00ed ho ha traslladat l\u2019alcalde, David Garc\u00eda, al director del centre associat de la UNED Vila-real, Alejandro Ribes, en la reuni\u00f3 celebrada recentment al consistori. Cal assenyalar que, Nules ha estat seu en els \u00faltims anys de diferents cursos d\u2019extensi\u00f3 universit\u00e0ria i &#8230; <a title=\"Nules vol ampliar les seues col\u00b7laboracions amb la UNED\" class=\"read-more\" href=\"https:\/\/elcafedepipa.com\/index.php\/2025\/10\/31\/nules-vol-ampliar-les-seues-collaboracions-amb-la-uned\/\" aria-label=\"M\u00e9s informaci\u00f3 sobre Nules vol ampliar les seues col\u00b7laboracions amb la UNED\">Read more<\/a><\/p>\n","protected":false},"author":2,"featured_media":18548,"comment_status":"closed","ping_status":"closed","sticky":false,"template":"","format":"standard","meta":{"om_disable_all_campaigns":false,"_monsterinsights_skip_tracking":false,"_monsterinsights_sitenote_active":false,"_monsterinsights_sitenote_note":"","_monsterinsights_sitenote_category":0,"_uf_show_specific_survey":0,"_uf_disable_surveys":false,"footnotes":""},"categories":[3],"tags":[],"class_list":["post-18547","post","type-post","status-publish","format-standard","has-post-thumbnail","hentry","category-nules"],"_links":{"self":[{"href":"https:\/\/elcafedepipa.com\/index.php\/wp-json\/wp\/v2\/posts\/18547","targetHints":{"allow":["GET"]}}],"collection":[{"href":"https:\/\/elcafedepipa.com\/index.php\/wp-json\/wp\/v2\/posts"}],"about":[{"href":"https:\/\/elcafedepipa.com\/index.php\/wp-json\/wp\/v2\/types\/post"}],"author":[{"embeddable":true,"href":"https:\/\/elcafedepipa.com\/index.php\/wp-json\/wp\/v2\/users\/2"}],"replies":[{"embeddable":true,"href":"https:\/\/elcafedepipa.com\/index.php\/wp-json\/wp\/v2\/comments?post=18547"}],"version-history":[{"count":1,"href":"https:\/\/elcafedepipa.com\/index.php\/wp-json\/wp\/v2\/posts\/18547\/revisions"}],"predecessor-version":[{"id":18549,"href":"https:\/\/elcafedepipa.com\/index.php\/wp-json\/wp\/v2\/posts\/18547\/revisions\/18549"}],"wp:featuredmedia":[{"embeddable":true,"href":"https:\/\/elcafedepipa.com\/index.php\/wp-json\/wp\/v2\/media\/18548"}],"wp:attachment":[{"href":"https:\/\/elcafedepipa.com\/index.php\/wp-json\/wp\/v2\/media?parent=18547"}],"wp:term":[{"taxonomy":"category","embeddable":true,"href":"https:\/\/elcafedepipa.com\/index.php\/wp-json\/wp\/v2\/categories?post=18547"},{"taxonomy":"post_tag","embeddable":true,"href":"https:\/\/elcafedepipa.com\/index.php\/wp-json\/wp\/v2\/tags?post=18547"}],"curies":[{"name":"wp","href":"https:\/\/api.w.org\/{rel}","templated":true}]}}