{"id":18544,"date":"2025-10-31T13:36:36","date_gmt":"2025-10-31T12:36:36","guid":{"rendered":"https:\/\/elcafedepipa.com\/?p=18544"},"modified":"2025-10-31T13:36:38","modified_gmt":"2025-10-31T12:36:38","slug":"fernando-pastor-per-a-teatre-el-de-diana-morant-que-ve-els-caps-de-setmana-amb-el-discurs-que-li-escriuen-des-de-la-moncloa","status":"publish","type":"post","link":"https:\/\/elcafedepipa.com\/index.php\/2025\/10\/31\/fernando-pastor-per-a-teatre-el-de-diana-morant-que-ve-els-caps-de-setmana-amb-el-discurs-que-li-escriuen-des-de-la-moncloa\/","title":{"rendered":"Fernando Pastor: \u201cPer a teatre, el de Diana Morant, que ve els caps de setmana amb el discurs que li escriuen des de la Moncloa\u201d"},"content":{"rendered":"\n<p>El portaveu del PP en la comissi\u00f3 d\u2019investigaci\u00f3 de la DANA a les Corts, <strong>Fernando Pastor<\/strong>, ha acusat el <strong>PSOE<\/strong> de \u201cteatralitzaci\u00f3\u201d per intentar <strong>instrumentalitzar la trag\u00e8dia de la DANA<\/strong> en benefici propi. En concret, ha afirmat que la l\u00edder dels socialistes valencians, <strong>Diana Morant<\/strong>, t\u00e9 \u201cun paper secundari perqu\u00e8 nom\u00e9s ve a la Comunitat Valenciana els caps de setmana i amb el discurs que li escriuen des de la Moncloa\u201d. Fora d\u2019eixe gui\u00f3, ha afegit, \u201cmai respon quan se li pregunta per la corrupci\u00f3 del seu n\u00famero dos en la llista electoral per Val\u00e8ncia, Jos\u00e9 Luis \u00c1balos\u201d.<\/p>\n\n\n\n<p>\u201c<strong>Diana Morant t\u00e9 poc criteri per a parlar d\u2019aquestes q\u00fcestions<\/strong>, quan \u00e9s la mateixa persona que culpa els propis afectats de no haver cobrat les ajudes del Govern de Pedro S\u00e1nchez\u201d, ha recordat Pastor, qui ha insistit que <strong>l\u2019Executiu socialista continua sense pagar les ajudes a 34.000 fam\u00edlies valencianes<\/strong> afectades per les inundacions d\u2019octubre de 2024.<\/p>\n\n\n\n<p>En aquest sentit, el diputat del GPP ha assegurat que el govern de la Moncloa \u201c\u00e9s un partit i un executiu in\u00fatils\u201d, ja que \u201cdurant anys van deixar sense executar les obres de contenci\u00f3 que haurien esmorte\u00eft els efectes d\u2019aquella DANA i, un any despr\u00e9s, encara no les han acom\u00e9s per a evitar que es repetisca una trag\u00e8dia semblant\u201d. A m\u00e9s, ha afegit que \u201c<strong>el PSOE va fallar en la prevenci\u00f3 i la informaci\u00f3<\/strong>, desorientant la poblaci\u00f3 i sense alertar del que estava passant meteorol\u00f2gicament ni del que ocorria al barranc del Poyo\u201d.<\/p>\n\n\n\n<p>Finalment, el parlamentari popular ha recordat que \u201c<strong>el veritable actor principal d\u2019aquesta hist\u00f2ria \u00e9s Pedro S\u00e1nchez<\/strong>\u201d, a qui ha acusat de \u201c<strong>utilitzar la Casa Reial per a evitar una xiulada en el funeral per les v\u00edctimes de la DANA<\/strong>\u201d. \u201cNo va tindre el valor d\u2019entrar sol, es va amagar darrere del Rei i va manipular el protocol per a eludir la desaprovaci\u00f3 ciutadana. Eixe \u00e9s <strong>l\u2019aut\u00e8ntic teatre del Partit Socialista<\/strong>\u201d, ha concl\u00f2s Pastor.<\/p>\n","protected":false},"excerpt":{"rendered":"<p>El portaveu del PP en la comissi\u00f3 d\u2019investigaci\u00f3 de la DANA a les Corts, Fernando Pastor, ha acusat el PSOE de \u201cteatralitzaci\u00f3\u201d per intentar instrumentalitzar la trag\u00e8dia de la DANA en benefici propi. En concret, ha afirmat que la l\u00edder dels socialistes valencians, Diana Morant, t\u00e9 \u201cun paper secundari perqu\u00e8 nom\u00e9s ve a la Comunitat &#8230; <a title=\"Fernando Pastor: \u201cPer a teatre, el de Diana Morant, que ve els caps de setmana amb el discurs que li escriuen des de la Moncloa\u201d\" class=\"read-more\" href=\"https:\/\/elcafedepipa.com\/index.php\/2025\/10\/31\/fernando-pastor-per-a-teatre-el-de-diana-morant-que-ve-els-caps-de-setmana-amb-el-discurs-que-li-escriuen-des-de-la-moncloa\/\" aria-label=\"M\u00e9s informaci\u00f3 sobre Fernando Pastor: \u201cPer a teatre, el de Diana Morant, que ve els caps de setmana amb el discurs que li escriuen des de la Moncloa\u201d\">Read more<\/a><\/p>\n","protected":false},"author":2,"featured_media":18545,"comment_status":"closed","ping_status":"closed","sticky":false,"template":"","format":"standard","meta":{"om_disable_all_campaigns":false,"_monsterinsights_skip_tracking":false,"_monsterinsights_sitenote_active":false,"_monsterinsights_sitenote_note":"","_monsterinsights_sitenote_category":0,"_uf_show_specific_survey":0,"_uf_disable_surveys":false,"footnotes":""},"categories":[11],"tags":[],"class_list":["post-18544","post","type-post","status-publish","format-standard","has-post-thumbnail","hentry","category-comunitatvalenciana"],"_links":{"self":[{"href":"https:\/\/elcafedepipa.com\/index.php\/wp-json\/wp\/v2\/posts\/18544","targetHints":{"allow":["GET"]}}],"collection":[{"href":"https:\/\/elcafedepipa.com\/index.php\/wp-json\/wp\/v2\/posts"}],"about":[{"href":"https:\/\/elcafedepipa.com\/index.php\/wp-json\/wp\/v2\/types\/post"}],"author":[{"embeddable":true,"href":"https:\/\/elcafedepipa.com\/index.php\/wp-json\/wp\/v2\/users\/2"}],"replies":[{"embeddable":true,"href":"https:\/\/elcafedepipa.com\/index.php\/wp-json\/wp\/v2\/comments?post=18544"}],"version-history":[{"count":1,"href":"https:\/\/elcafedepipa.com\/index.php\/wp-json\/wp\/v2\/posts\/18544\/revisions"}],"predecessor-version":[{"id":18546,"href":"https:\/\/elcafedepipa.com\/index.php\/wp-json\/wp\/v2\/posts\/18544\/revisions\/18546"}],"wp:featuredmedia":[{"embeddable":true,"href":"https:\/\/elcafedepipa.com\/index.php\/wp-json\/wp\/v2\/media\/18545"}],"wp:attachment":[{"href":"https:\/\/elcafedepipa.com\/index.php\/wp-json\/wp\/v2\/media?parent=18544"}],"wp:term":[{"taxonomy":"category","embeddable":true,"href":"https:\/\/elcafedepipa.com\/index.php\/wp-json\/wp\/v2\/categories?post=18544"},{"taxonomy":"post_tag","embeddable":true,"href":"https:\/\/elcafedepipa.com\/index.php\/wp-json\/wp\/v2\/tags?post=18544"}],"curies":[{"name":"wp","href":"https:\/\/api.w.org\/{rel}","templated":true}]}}