{"id":18541,"date":"2025-10-31T13:33:03","date_gmt":"2025-10-31T12:33:03","guid":{"rendered":"https:\/\/elcafedepipa.com\/?p=18541"},"modified":"2025-10-31T13:33:04","modified_gmt":"2025-10-31T12:33:04","slug":"luis-martinez-la-lentitud-del-govern-de-sanchez-obliga-a-retardar-les-ajudes-de-replantacio","status":"publish","type":"post","link":"https:\/\/elcafedepipa.com\/index.php\/2025\/10\/31\/luis-martinez-la-lentitud-del-govern-de-sanchez-obliga-a-retardar-les-ajudes-de-replantacio\/","title":{"rendered":"Luis Mart\u00ednez: \u201cLa lentitud del Govern de S\u00e1nchez obliga a retardar les ajudes de replantaci\u00f3\u201d"},"content":{"rendered":"\n<p>El portaveu d\u2019Agricultura del GPP, <strong>Luis Mart\u00ednez<\/strong>, ha lamentat que \u201ca causa del retard de l\u2019Executiu de Pedro S\u00e1nchez a reparar les parcel\u00b7les afectades per la riuada, no ha sigut possible aprovar fins ara l\u2019ordre de replantaci\u00f3 per als agricultors damnificats\u201d.<\/p>\n\n\n\n<p>En aquest sentit, Mart\u00ednez ha subratllat que \u201cel <strong>Consell de Carlos Maz\u00f3n<\/strong> ha estat i estar\u00e0 sempre al costat dels agricultors\u201d, per la qual cosa \u201cevidentment aquesta l\u00ednia de replantaci\u00f3 arribar\u00e0, i ja estaria en marxa si no f\u00f3ra pel retard del Ministeri\u201d.<\/p>\n\n\n\n<p>El diputat popular ha retret tamb\u00e9 a <strong>Comprom\u00eds<\/strong> \u201cla seua demag\u00f2gia sobre aquest assumpte, mentint als agricultors, perqu\u00e8 saben que comptaran amb aquestes ajudes\u201d. Aix\u00ed mateix, Mart\u00ednez ha avan\u00e7at que \u201cel Consell publicar\u00e0 en les pr\u00f2ximes setmanes la convocat\u00f2ria de replantaci\u00f3, per\u00f2, davant la falta de recuperaci\u00f3 de les parcel\u00b7les per part del Govern d\u2019Espanya, els pagaments hauran de fer-se amb c\u00e0rrec al pressupost de <strong>2026<\/strong>\u201d.<\/p>\n\n\n\n<p>Per aquest motiu, \u201cla partida inicialment prevista en el pressupost de <strong>2025<\/strong> s\u2019ha alliberat i s\u2019ha destinat a <strong>ajudar els xiquets i joves afectats per la DANA<\/strong>, amb l\u2019objectiu de facilitar la compra de material escolar i donar suport a les fam\u00edlies que m\u00e9s ho necessiten\u201d.<\/p>\n\n\n\n<p>\u201cPer culpa de la lentitud del Govern de S\u00e1nchez, els agricultors valencians no sols han perdut les seues collites, sin\u00f3 que, a m\u00e9s, es veuen impedits per a replantar enguany\u201d, ha denunciat el portaveu d\u2019Agricultura, qui ha insistit que \u201cel Consell est\u00e0 complint amb la seua part, per\u00f2 \u00e9s urgent que el Govern central actue amb <strong>responsabilitat i agilitat<\/strong>\u201d.<\/p>\n\n\n\n<p><\/p>\n","protected":false},"excerpt":{"rendered":"<p>El portaveu d\u2019Agricultura del GPP, Luis Mart\u00ednez, ha lamentat que \u201ca causa del retard de l\u2019Executiu de Pedro S\u00e1nchez a reparar les parcel\u00b7les afectades per la riuada, no ha sigut possible aprovar fins ara l\u2019ordre de replantaci\u00f3 per als agricultors damnificats\u201d. En aquest sentit, Mart\u00ednez ha subratllat que \u201cel Consell de Carlos Maz\u00f3n ha estat &#8230; <a title=\"Luis Mart\u00ednez: \u201cLa lentitud del Govern de S\u00e1nchez obliga a retardar les ajudes de replantaci\u00f3\u201d\" class=\"read-more\" href=\"https:\/\/elcafedepipa.com\/index.php\/2025\/10\/31\/luis-martinez-la-lentitud-del-govern-de-sanchez-obliga-a-retardar-les-ajudes-de-replantacio\/\" aria-label=\"M\u00e9s informaci\u00f3 sobre Luis Mart\u00ednez: \u201cLa lentitud del Govern de S\u00e1nchez obliga a retardar les ajudes de replantaci\u00f3\u201d\">Read more<\/a><\/p>\n","protected":false},"author":2,"featured_media":18542,"comment_status":"closed","ping_status":"closed","sticky":false,"template":"","format":"standard","meta":{"om_disable_all_campaigns":false,"_monsterinsights_skip_tracking":false,"_monsterinsights_sitenote_active":false,"_monsterinsights_sitenote_note":"","_monsterinsights_sitenote_category":0,"_uf_show_specific_survey":0,"_uf_disable_surveys":false,"footnotes":""},"categories":[11],"tags":[],"class_list":["post-18541","post","type-post","status-publish","format-standard","has-post-thumbnail","hentry","category-comunitatvalenciana"],"_links":{"self":[{"href":"https:\/\/elcafedepipa.com\/index.php\/wp-json\/wp\/v2\/posts\/18541","targetHints":{"allow":["GET"]}}],"collection":[{"href":"https:\/\/elcafedepipa.com\/index.php\/wp-json\/wp\/v2\/posts"}],"about":[{"href":"https:\/\/elcafedepipa.com\/index.php\/wp-json\/wp\/v2\/types\/post"}],"author":[{"embeddable":true,"href":"https:\/\/elcafedepipa.com\/index.php\/wp-json\/wp\/v2\/users\/2"}],"replies":[{"embeddable":true,"href":"https:\/\/elcafedepipa.com\/index.php\/wp-json\/wp\/v2\/comments?post=18541"}],"version-history":[{"count":1,"href":"https:\/\/elcafedepipa.com\/index.php\/wp-json\/wp\/v2\/posts\/18541\/revisions"}],"predecessor-version":[{"id":18543,"href":"https:\/\/elcafedepipa.com\/index.php\/wp-json\/wp\/v2\/posts\/18541\/revisions\/18543"}],"wp:featuredmedia":[{"embeddable":true,"href":"https:\/\/elcafedepipa.com\/index.php\/wp-json\/wp\/v2\/media\/18542"}],"wp:attachment":[{"href":"https:\/\/elcafedepipa.com\/index.php\/wp-json\/wp\/v2\/media?parent=18541"}],"wp:term":[{"taxonomy":"category","embeddable":true,"href":"https:\/\/elcafedepipa.com\/index.php\/wp-json\/wp\/v2\/categories?post=18541"},{"taxonomy":"post_tag","embeddable":true,"href":"https:\/\/elcafedepipa.com\/index.php\/wp-json\/wp\/v2\/tags?post=18541"}],"curies":[{"name":"wp","href":"https:\/\/api.w.org\/{rel}","templated":true}]}}