{"id":18534,"date":"2025-10-31T13:12:18","date_gmt":"2025-10-31T12:12:18","guid":{"rendered":"https:\/\/elcafedepipa.com\/?p=18534"},"modified":"2025-10-31T13:17:26","modified_gmt":"2025-10-31T12:17:26","slug":"la-ude-torna-al-camp-dels-seus-horrors-el-dia-de-tots-sants","status":"publish","type":"post","link":"https:\/\/elcafedepipa.com\/index.php\/2025\/10\/31\/la-ude-torna-al-camp-dels-seus-horrors-el-dia-de-tots-sants\/","title":{"rendered":"La UDE torna al camp dels seus horrors el dia de Tots Sants"},"content":{"rendered":"\n<p>Dem\u00e0 dissabte, la <strong>Uni\u00f3 Esportiva Vall d\u2019Uix\u00f3<\/strong> torna a la competici\u00f3 despr\u00e9s d\u2019una <strong>setmana moguda<\/strong>, marcada per la <strong>clausura de l\u2019Estadi Jos\u00e9 Mangri\u00f1\u00e1n<\/strong> arran dels incidents ocorreguts en finalitzar el partit davant l\u2019<strong>H\u00e9rcules \u201cB\u201d<\/strong>. Ara, l\u2019aspecte purament futbol\u00edstic torna a ser el protagonista, ja que la <strong>UDE<\/strong> afronta una <strong>eixida molt complicada<\/strong> ni m\u00e9s ni menys que al <strong>Regit d\u2019Atzeneta d\u2019Albaida<\/strong>, on s\u2019enfrontar\u00e0 a un dels grans de la categoria, l\u2019<strong>Atzeneta UE<\/strong>.<\/p>\n\n\n\n<h4 class=\"wp-block-heading\"><strong>GANES DE GUANYAR<\/strong><\/h4>\n\n\n\n<p>Al si de la plantilla i del cos t\u00e8cnic blanquiblau hi ha moltes <strong>ganes de retrobar-se amb la vict\u00f2ria<\/strong> despr\u00e9s de tres partits en qu\u00e8 la sort ha sigut esquiva. Malgrat la bona imatge mostrada pels valleros, nom\u00e9s han pogut sumar <strong>dos dels \u00faltims nou punts<\/strong> en joc.<\/p>\n\n\n\n<h4 class=\"wp-block-heading\"><strong>TORNEM AL REGIT<\/strong><\/h4>\n\n\n\n<p>Dem\u00e0 dissabte, <strong>festivitat de Tots Sants<\/strong>, la UDE torna al <strong>Regit d\u2019Atzeneta<\/strong>, un <strong>camp male\u00eft<\/strong> per als valleros. En les seues dues \u00faltimes visites, l\u2019escenari va ser fat\u00eddic: en <strong>2018<\/strong> els va privar de l\u2019<strong>ascens a Tercera RFEF<\/strong>, i la temporada passada, en temps de descompte, es va esfumar la possibilitat de disputar el <strong>play-off d\u2019ascens a Segona RFEF<\/strong>.<\/p>\n\n\n\n<h4 class=\"wp-block-heading\"><strong>M\u00c9S BAIXES QUE ALTES<\/strong><\/h4>\n\n\n\n<p>El <strong>peatge<\/strong> que han de pagar els blanquiblaus despr\u00e9s del partit davant el filial de l\u2019H\u00e9rcules s\u00f3n les <strong>expulsions<\/strong> de <strong>Ricar Ca\u00f1ada<\/strong>, sancionat amb un partit, i les de <strong>A\u00f1\u00f3<\/strong> i <strong>David<\/strong>, que hauran de complir <strong>dos partits de sanci\u00f3<\/strong>. En el costat positiu, <strong>Borja Vicent<\/strong> torna a l\u2019equip despr\u00e9s d\u2019haver complit el seu partit de c\u00e0stig.<\/p>\n\n\n\n<p>Pel que fa a la infermeria, <strong>Magina<\/strong> continua recuperant-se <strong>a bon ritme<\/strong> de la seua lesi\u00f3 de genoll.<\/p>\n\n\n\n<p>La UDE confia a trencar la seua mala ratxa en un escenari hist\u00f2ricament advers i tornar de l\u2019Albaida amb tres punts que donen moral i tranquil\u00b7litat al conjunt dirigit per <strong>Jos\u00e9 Manuel Descalzo<\/strong><\/p>\n\n\n\n<p><\/p>\n","protected":false},"excerpt":{"rendered":"<p>Dem\u00e0 dissabte, la Uni\u00f3 Esportiva Vall d\u2019Uix\u00f3 torna a la competici\u00f3 despr\u00e9s d\u2019una setmana moguda, marcada per la clausura de l\u2019Estadi Jos\u00e9 Mangri\u00f1\u00e1n arran dels incidents ocorreguts en finalitzar el partit davant l\u2019H\u00e9rcules \u201cB\u201d. Ara, l\u2019aspecte purament futbol\u00edstic torna a ser el protagonista, ja que la UDE afronta una eixida molt complicada ni m\u00e9s ni &#8230; <a title=\"La UDE torna al camp dels seus horrors el dia de Tots Sants\" class=\"read-more\" href=\"https:\/\/elcafedepipa.com\/index.php\/2025\/10\/31\/la-ude-torna-al-camp-dels-seus-horrors-el-dia-de-tots-sants\/\" aria-label=\"M\u00e9s informaci\u00f3 sobre La UDE torna al camp dels seus horrors el dia de Tots Sants\">Read more<\/a><\/p>\n","protected":false},"author":2,"featured_media":18535,"comment_status":"closed","ping_status":"closed","sticky":false,"template":"","format":"standard","meta":{"om_disable_all_campaigns":false,"_monsterinsights_skip_tracking":false,"_monsterinsights_sitenote_active":false,"_monsterinsights_sitenote_note":"","_monsterinsights_sitenote_category":0,"_uf_show_specific_survey":0,"_uf_disable_surveys":false,"footnotes":""},"categories":[2],"tags":[],"class_list":["post-18534","post","type-post","status-publish","format-standard","has-post-thumbnail","hentry","category-lavallduixo"],"_links":{"self":[{"href":"https:\/\/elcafedepipa.com\/index.php\/wp-json\/wp\/v2\/posts\/18534","targetHints":{"allow":["GET"]}}],"collection":[{"href":"https:\/\/elcafedepipa.com\/index.php\/wp-json\/wp\/v2\/posts"}],"about":[{"href":"https:\/\/elcafedepipa.com\/index.php\/wp-json\/wp\/v2\/types\/post"}],"author":[{"embeddable":true,"href":"https:\/\/elcafedepipa.com\/index.php\/wp-json\/wp\/v2\/users\/2"}],"replies":[{"embeddable":true,"href":"https:\/\/elcafedepipa.com\/index.php\/wp-json\/wp\/v2\/comments?post=18534"}],"version-history":[{"count":2,"href":"https:\/\/elcafedepipa.com\/index.php\/wp-json\/wp\/v2\/posts\/18534\/revisions"}],"predecessor-version":[{"id":18538,"href":"https:\/\/elcafedepipa.com\/index.php\/wp-json\/wp\/v2\/posts\/18534\/revisions\/18538"}],"wp:featuredmedia":[{"embeddable":true,"href":"https:\/\/elcafedepipa.com\/index.php\/wp-json\/wp\/v2\/media\/18535"}],"wp:attachment":[{"href":"https:\/\/elcafedepipa.com\/index.php\/wp-json\/wp\/v2\/media?parent=18534"}],"wp:term":[{"taxonomy":"category","embeddable":true,"href":"https:\/\/elcafedepipa.com\/index.php\/wp-json\/wp\/v2\/categories?post=18534"},{"taxonomy":"post_tag","embeddable":true,"href":"https:\/\/elcafedepipa.com\/index.php\/wp-json\/wp\/v2\/tags?post=18534"}],"curies":[{"name":"wp","href":"https:\/\/api.w.org\/{rel}","templated":true}]}}