{"id":18525,"date":"2025-10-31T11:48:21","date_gmt":"2025-10-31T10:48:21","guid":{"rendered":"https:\/\/elcafedepipa.com\/?p=18525"},"modified":"2025-10-31T11:48:23","modified_gmt":"2025-10-31T10:48:23","slug":"la-diputacio-de-castello-continua-reforcant-les-actuacions-de-control-vigilancia-i-fumigacio-de-mosquits-a-la-provincia-despres-de-les-ultimes-pluges","status":"publish","type":"post","link":"https:\/\/elcafedepipa.com\/index.php\/2025\/10\/31\/la-diputacio-de-castello-continua-reforcant-les-actuacions-de-control-vigilancia-i-fumigacio-de-mosquits-a-la-provincia-despres-de-les-ultimes-pluges\/","title":{"rendered":"La Diputaci\u00f3 de Castell\u00f3 continua refor\u00e7ant les actuacions de control, vigil\u00e0ncia i fumigaci\u00f3 de mosquits a la prov\u00edncia despr\u00e9s de les \u00faltimes pluges"},"content":{"rendered":"\n<p>La Diputaci\u00f3 Provincial de Castell\u00f3 continua refor\u00e7ant les actuacions de control, vigil\u00e0ncia i fumigaci\u00f3 de mosquits despr\u00e9s de les \u00faltimes pluges registrades i que van deixar importants acumulats en tot el territori, sobretot, en la franja litoral.<\/p>\n\n\n\n<p>Precisament, en la costa castellonenca, \u00e9s on s&#8217;estan refor\u00e7ant els tractaments adulticides, com a continuaci\u00f3 dels tractaments larvicides que es porten executant des de fa diverses setmanes en les zones inundables de marjaleria on s&#8217;ha pogut accedir.<\/p>\n\n\n\n<p>I \u00e9s que la inaccessibilitat a molts terrenys pel nivell d&#8217;aigua i per l&#8217;abund\u00e0ncia de vegetaci\u00f3 ha provocat una eclosi\u00f3 d&#8217;adults de mosquit de marjal. Per aix\u00f2, \u201cdes de la Diputaci\u00f3 estem refor\u00e7ant mat\u00ed i vesprada els tractaments adulticides per a reduir la seua incid\u00e8ncia sobre la poblaci\u00f3 en tots els municipis del litoral, amb especial \u00e8mfasi en la marjal de Castell\u00f3 de la Plana\u201d.<\/p>\n\n\n\n<p>Aix\u00ed ho ha manifestat el diputat de Medi Natural, Jos\u00e9 Mar\u00eda Andr\u00e9s qui ha destacat el treball que est\u00e0 duent a terme tot el servei de control de mosquits per a \u201cminimitzar la pres\u00e8ncia de mosquits, protegir la salut de la ciutadania i evitar les mol\u00e8sties que estos insectes puguen causar\u201d.<\/p>\n\n\n\n<p>\u201cEl nostre objectiu no \u00e9s un altre que actuar amb previsi\u00f3 i efici\u00e8ncia perqu\u00e8 els ve\u00efns i ve\u00efnes de la nostra terra puguen gaudir d&#8217;un entorn saludable, sense mosquits\u201d, ha indicat el diputat.<\/p>\n\n\n\n<p>A m\u00e9s, a causa de la perman\u00e8ncia de masses d&#8217;aigua en terrenys i s\u00e9quies, despr\u00e9s de la dana Alice, s&#8217;estan complementant estos tractaments amb larvicides, evitant aix\u00ed la pres\u00e8ncia de l&#8217;adult. \u201cTenim un problema compartit en tot el territori que ser\u00e0 m\u00e9s f\u00e0cil de controlar si ho fem junts\u201d, ha destacat Jos\u00e9 Mar\u00eda Andr\u00e9s.<\/p>\n\n\n\n<p>En este sentit, el diputat provincial ha subratllat la import\u00e0ncia de \u201csumar esfor\u00e7os per a evitar estes plagues en els 135 municipis\u201d, insistint que la col\u00b7laboraci\u00f3 de la ciutadania \u00e9s fonamental per a mantindre baix control la proliferaci\u00f3 de mosquits.<\/p>\n\n\n\n<p>Per aix\u00f2, des del Servei de Control de Mosquits insistixen a la poblaci\u00f3 castellonenca la necessitat de mantindre netes parcel\u00b7les inundables per a poder executar treballs de prevenci\u00f3 i tractaments larvaris a penes hores despr\u00e9s de les pluges, amb la finalitat d&#8217;evitar una eclosi\u00f3 massiva d&#8217;adults i afavorir l&#8217;acc\u00e9s als equips de treball.<\/p>\n\n\n\n<p>\u201cNom\u00e9s amb la implicaci\u00f3 conjunta d&#8217;institucions i ciutadania aconseguirem reduir al m\u00e0xim la pres\u00e8ncia de mosquits\u201d, ha rematat el diputat de Medi Natural, qui ha demanat als castellonencs la seua m\u00e0xima col\u00b7laboraci\u00f3 en esta lluita constant contra els mosquits.<\/p>\n","protected":false},"excerpt":{"rendered":"<p>La Diputaci\u00f3 Provincial de Castell\u00f3 continua refor\u00e7ant les actuacions de control, vigil\u00e0ncia i fumigaci\u00f3 de mosquits despr\u00e9s de les \u00faltimes pluges registrades i que van deixar importants acumulats en tot el territori, sobretot, en la franja litoral. Precisament, en la costa castellonenca, \u00e9s on s&#8217;estan refor\u00e7ant els tractaments adulticides, com a continuaci\u00f3 dels tractaments larvicides &#8230; <a title=\"La Diputaci\u00f3 de Castell\u00f3 continua refor\u00e7ant les actuacions de control, vigil\u00e0ncia i fumigaci\u00f3 de mosquits a la prov\u00edncia despr\u00e9s de les \u00faltimes pluges\" class=\"read-more\" href=\"https:\/\/elcafedepipa.com\/index.php\/2025\/10\/31\/la-diputacio-de-castello-continua-reforcant-les-actuacions-de-control-vigilancia-i-fumigacio-de-mosquits-a-la-provincia-despres-de-les-ultimes-pluges\/\" aria-label=\"M\u00e9s informaci\u00f3 sobre La Diputaci\u00f3 de Castell\u00f3 continua refor\u00e7ant les actuacions de control, vigil\u00e0ncia i fumigaci\u00f3 de mosquits a la prov\u00edncia despr\u00e9s de les \u00faltimes pluges\">Read more<\/a><\/p>\n","protected":false},"author":2,"featured_media":18526,"comment_status":"closed","ping_status":"closed","sticky":false,"template":"","format":"standard","meta":{"om_disable_all_campaigns":false,"_monsterinsights_skip_tracking":false,"_monsterinsights_sitenote_active":false,"_monsterinsights_sitenote_note":"","_monsterinsights_sitenote_category":0,"_uf_show_specific_survey":0,"_uf_disable_surveys":false,"footnotes":""},"categories":[10],"tags":[],"class_list":["post-18525","post","type-post","status-publish","format-standard","has-post-thumbnail","hentry","category-provinciadecastello"],"_links":{"self":[{"href":"https:\/\/elcafedepipa.com\/index.php\/wp-json\/wp\/v2\/posts\/18525","targetHints":{"allow":["GET"]}}],"collection":[{"href":"https:\/\/elcafedepipa.com\/index.php\/wp-json\/wp\/v2\/posts"}],"about":[{"href":"https:\/\/elcafedepipa.com\/index.php\/wp-json\/wp\/v2\/types\/post"}],"author":[{"embeddable":true,"href":"https:\/\/elcafedepipa.com\/index.php\/wp-json\/wp\/v2\/users\/2"}],"replies":[{"embeddable":true,"href":"https:\/\/elcafedepipa.com\/index.php\/wp-json\/wp\/v2\/comments?post=18525"}],"version-history":[{"count":1,"href":"https:\/\/elcafedepipa.com\/index.php\/wp-json\/wp\/v2\/posts\/18525\/revisions"}],"predecessor-version":[{"id":18527,"href":"https:\/\/elcafedepipa.com\/index.php\/wp-json\/wp\/v2\/posts\/18525\/revisions\/18527"}],"wp:featuredmedia":[{"embeddable":true,"href":"https:\/\/elcafedepipa.com\/index.php\/wp-json\/wp\/v2\/media\/18526"}],"wp:attachment":[{"href":"https:\/\/elcafedepipa.com\/index.php\/wp-json\/wp\/v2\/media?parent=18525"}],"wp:term":[{"taxonomy":"category","embeddable":true,"href":"https:\/\/elcafedepipa.com\/index.php\/wp-json\/wp\/v2\/categories?post=18525"},{"taxonomy":"post_tag","embeddable":true,"href":"https:\/\/elcafedepipa.com\/index.php\/wp-json\/wp\/v2\/tags?post=18525"}],"curies":[{"name":"wp","href":"https:\/\/api.w.org\/{rel}","templated":true}]}}