{"id":18519,"date":"2025-10-31T10:15:34","date_gmt":"2025-10-31T09:15:34","guid":{"rendered":"https:\/\/elcafedepipa.com\/?p=18519"},"modified":"2025-10-31T10:15:35","modified_gmt":"2025-10-31T09:15:35","slug":"un-ferit-en-un-accident-entre-un-camio-i-una-furgoneta-a-lap-7-al-seu-pas-per-nules","status":"publish","type":"post","link":"https:\/\/elcafedepipa.com\/index.php\/2025\/10\/31\/un-ferit-en-un-accident-entre-un-camio-i-una-furgoneta-a-lap-7-al-seu-pas-per-nules\/","title":{"rendered":"Un ferit en un accident entre un cami\u00f3 i una furgoneta a l\u2019AP-7 al seu pas per Nules"},"content":{"rendered":"\n<p>Un home ha resultat ferit aquest dijous en un accident de tr\u00e0nsit ocorregut a l\u2019autopista <strong>AP-7<\/strong>, al terme municipal de <strong>Nules<\/strong>, en sentit Castell\u00f3. En el sinistre s\u2019han vist implicats <strong>un cami\u00f3 i una furgoneta<\/strong>, segons ha informat el Consorci Provincial de Bombers de Castell\u00f3.<\/p>\n\n\n\n<p>Fins al lloc s\u2019han despla\u00e7at efectius del <strong>parc de la Plana Baixa<\/strong>, que han hagut d\u2019intervindre per <strong>excarcerar un dels ocupants de la furgoneta<\/strong>, que havia quedat atrapat a l\u2019interior del vehicle.<\/p>\n\n\n\n<p>Despr\u00e9s del rescat, la v\u00edctima ha sigut <strong>atesa pels serveis sanitaris<\/strong> despla\u00e7ats a la zona. La Gu\u00e0rdia Civil s\u2019ha fet c\u00e0rrec de la investigaci\u00f3 per determinar les causes de l\u2019accident, que ha provocat retencions puntuals en el tr\u00e0nsit en direcci\u00f3 a Castell\u00f3.<\/p>\n","protected":false},"excerpt":{"rendered":"<p>Un home ha resultat ferit aquest dijous en un accident de tr\u00e0nsit ocorregut a l\u2019autopista AP-7, al terme municipal de Nules, en sentit Castell\u00f3. En el sinistre s\u2019han vist implicats un cami\u00f3 i una furgoneta, segons ha informat el Consorci Provincial de Bombers de Castell\u00f3. Fins al lloc s\u2019han despla\u00e7at efectius del parc de la &#8230; <a title=\"Un ferit en un accident entre un cami\u00f3 i una furgoneta a l\u2019AP-7 al seu pas per Nules\" class=\"read-more\" href=\"https:\/\/elcafedepipa.com\/index.php\/2025\/10\/31\/un-ferit-en-un-accident-entre-un-camio-i-una-furgoneta-a-lap-7-al-seu-pas-per-nules\/\" aria-label=\"M\u00e9s informaci\u00f3 sobre Un ferit en un accident entre un cami\u00f3 i una furgoneta a l\u2019AP-7 al seu pas per Nules\">Read more<\/a><\/p>\n","protected":false},"author":2,"featured_media":18520,"comment_status":"closed","ping_status":"closed","sticky":false,"template":"","format":"standard","meta":{"om_disable_all_campaigns":false,"_monsterinsights_skip_tracking":false,"_monsterinsights_sitenote_active":false,"_monsterinsights_sitenote_note":"","_monsterinsights_sitenote_category":0,"_uf_show_specific_survey":0,"_uf_disable_surveys":false,"footnotes":""},"categories":[1],"tags":[],"class_list":["post-18519","post","type-post","status-publish","format-standard","has-post-thumbnail","hentry","category-non-classe"],"_links":{"self":[{"href":"https:\/\/elcafedepipa.com\/index.php\/wp-json\/wp\/v2\/posts\/18519","targetHints":{"allow":["GET"]}}],"collection":[{"href":"https:\/\/elcafedepipa.com\/index.php\/wp-json\/wp\/v2\/posts"}],"about":[{"href":"https:\/\/elcafedepipa.com\/index.php\/wp-json\/wp\/v2\/types\/post"}],"author":[{"embeddable":true,"href":"https:\/\/elcafedepipa.com\/index.php\/wp-json\/wp\/v2\/users\/2"}],"replies":[{"embeddable":true,"href":"https:\/\/elcafedepipa.com\/index.php\/wp-json\/wp\/v2\/comments?post=18519"}],"version-history":[{"count":1,"href":"https:\/\/elcafedepipa.com\/index.php\/wp-json\/wp\/v2\/posts\/18519\/revisions"}],"predecessor-version":[{"id":18521,"href":"https:\/\/elcafedepipa.com\/index.php\/wp-json\/wp\/v2\/posts\/18519\/revisions\/18521"}],"wp:featuredmedia":[{"embeddable":true,"href":"https:\/\/elcafedepipa.com\/index.php\/wp-json\/wp\/v2\/media\/18520"}],"wp:attachment":[{"href":"https:\/\/elcafedepipa.com\/index.php\/wp-json\/wp\/v2\/media?parent=18519"}],"wp:term":[{"taxonomy":"category","embeddable":true,"href":"https:\/\/elcafedepipa.com\/index.php\/wp-json\/wp\/v2\/categories?post=18519"},{"taxonomy":"post_tag","embeddable":true,"href":"https:\/\/elcafedepipa.com\/index.php\/wp-json\/wp\/v2\/tags?post=18519"}],"curies":[{"name":"wp","href":"https:\/\/api.w.org\/{rel}","templated":true}]}}