{"id":18516,"date":"2025-10-31T09:38:51","date_gmt":"2025-10-31T08:38:51","guid":{"rendered":"https:\/\/elcafedepipa.com\/?p=18516"},"modified":"2025-10-31T09:38:52","modified_gmt":"2025-10-31T08:38:52","slug":"la-diputacio-reforca-la-projeccio-de-la-provincia-de-castello-com-a-escenari-literari-en-la-galla-letras-del-mediterraneo-2025","status":"publish","type":"post","link":"https:\/\/elcafedepipa.com\/index.php\/2025\/10\/31\/la-diputacio-reforca-la-projeccio-de-la-provincia-de-castello-com-a-escenari-literari-en-la-galla-letras-del-mediterraneo-2025\/","title":{"rendered":"La Diputaci\u00f3 refor\u00e7a la projecci\u00f3 de la prov\u00edncia de Castell\u00f3 com a escenari literari en la gal\u00b7la Letras del Mediterr\u00e1neo 2025"},"content":{"rendered":"\n<p>La Diputaci\u00f3 refor\u00e7a la projecci\u00f3 de la prov\u00edncia de Castell\u00f3 com a escenari literari en la gal\u00b7la Letras del Mediterr\u00e1neo 2025.<\/p>\n\n\n\n<p>El Moll de Costa del Grau de Castell\u00f3 ha acollit este dijous l&#8217;acte de lliurament dels guardons a Juan Ram\u00f3n Biedma, Mabel Lozano i Jos\u00e9 \u00c1ngel Ma\u00f1as.<\/p>\n\n\n\n<p>El diputat de Cultura, Alejandro Clausell, ha posat en valor la iniciativa liter\u00e0ria, la qual ja suma set edicions retent homenatge a les bondats de la prov\u00edncia a la traject\u00f2ria dels escriptors guardonats en les categories de narrativa, novel\u00b7la polic\u00edaca i novel\u00b7la hist\u00f2rica.<\/p>\n\n\n\n<p>A trav\u00e9s d&#8217;una s\u00e8rie de q\u00fcestions realitzades a cada un dels guardonats, els assistents a la gala han descobert un poc els tres llibres de Lletres del Mediterrani 2025.<\/p>\n\n\n\n<p>En la categoria de de Novel\u00b7la Narrativa, ha sigut premiat Juan Ram\u00f3n Biedma, amb l&#8217;editorial Almuzara. La seua novel\u00b7la porta per t\u00edtol \u2018El Club de los Primog\u00e9nitos\u2019 i durant el transcurs de la gala, l&#8217;escriptor guardonat ha donat a con\u00e9ixer la novel\u00b7la, ja editada i presentada durant la gala de Letras del Mediterr\u00e1neo. La hist\u00f2ria gira entorn de La Sastra, una dona que ajuda a la gent amb mals d&#8217;ull i que acaba sent sospitosa d&#8217;haver segrestat la seua neta. La seua filla, desesperada, acudix a Navacerrada, un antic policia convertit en una esp\u00e8cie de detectiu dels pobres. Paral\u00b7lelament, apareix El club dels primog\u00e8nits, un grup de suport per a persones que han sigut segrestades i que intenten superar el seu trauma sota noms falsos presos d&#8217;escriptors famosos. L&#8217;obra retrata una Castell\u00f3 simb\u00f2lica, ciutat moderna per\u00f2 plena de supersticions, on es mesclen l&#8217;esot\u00e8ric, el marginal i el quotidi\u00e0.<\/p>\n\n\n\n<p>En la categoria de Novel\u00b7la Polic\u00edaca ha sigut guardonada Mabel Lozano, amb l&#8217;editorial AlRev\u00e9s. La seua novel\u00b7la porta per t\u00edtol \u2018Ava\u2019 i ha sigut presentada en la gala liter\u00e0ria d&#8217;este dijous. Mar\u00eda \u00e9s professora universit\u00e0ria a Castell\u00f3 que s&#8217;embarca en un viatge a Col\u00f2mbia despr\u00e9s de rebre la trucada de la seua amiga de la inf\u00e0ncia, Carmen, una monja oblata que treballa en un centre en els afores de Bogot\u00e0 on acullen a xiquets \u00f2rfens o abandonats que han arribat all\u00ed despr\u00e9s de viure inf\u00e0ncies molt dures. En la seua visita al centre Mar\u00eda connecta d&#8217;una manera molt intensa amb Ava, una xiqueta que decidix adoptar i amb la<\/p>\n\n\n\n<p>qual tornar\u00e0 a Espanya. Destacar que el curtmetratge \u2018Ava\u2019 dirigit per Mabel Lozano, va guanyar el 38a edici\u00f3 dels Premis Goya al Millor curtmetratge documental 2024.<\/p>\n\n\n\n<p>I finalment, en la categoria de Novel\u00b7la Hist\u00f2rica, ha sigut guardonat Jos\u00e9 \u00c1ngel Ma\u00f1as, amb l&#8217;editorial La Esfera de los Libros, i la seua novel\u00b7la porta per t\u00edtol \u2018El Enigma del Papa Luna\u2019. Inspirada en un fet real (el robatori del crani del Papa Luna l&#8217;any 2000), esta novel\u00b7la reconstru\u00efx la vida de Benedicto XIII. Ma\u00f1as combina el rigor hist\u00f2ric amb el seu estil directe i narratiu per a oferir un retrat hum\u00e0 i complex de l&#8217;anomenat \u201cPapa de Pen\u00edscola\u201d i acostar al lector al segle XIV.<\/p>\n\n\n\n<p>Les obres dels guardonats en esta s\u00e8ptima edici\u00f3 se sumen a les m\u00e9s de 20 novel\u00b7les escrites per autors de primera fila, del panorama nacional i internacional i que han sigut publicades per diferents editorials a Espanya, tradu\u00efdes a diferents idiomes i comercialitzades a Europa i Llatinoam\u00e8rica, portant la prov\u00edncia de Castell\u00f3, a trav\u00e9s de la literatura, per tot el m\u00f3n.<\/p>\n","protected":false},"excerpt":{"rendered":"<p>La Diputaci\u00f3 refor\u00e7a la projecci\u00f3 de la prov\u00edncia de Castell\u00f3 com a escenari literari en la gal\u00b7la Letras del Mediterr\u00e1neo 2025. El Moll de Costa del Grau de Castell\u00f3 ha acollit este dijous l&#8217;acte de lliurament dels guardons a Juan Ram\u00f3n Biedma, Mabel Lozano i Jos\u00e9 \u00c1ngel Ma\u00f1as. El diputat de Cultura, Alejandro Clausell, ha &#8230; <a title=\"La Diputaci\u00f3 refor\u00e7a la projecci\u00f3 de la prov\u00edncia de Castell\u00f3 com a escenari literari en la gal\u00b7la Letras del Mediterr\u00e1neo 2025\" class=\"read-more\" href=\"https:\/\/elcafedepipa.com\/index.php\/2025\/10\/31\/la-diputacio-reforca-la-projeccio-de-la-provincia-de-castello-com-a-escenari-literari-en-la-galla-letras-del-mediterraneo-2025\/\" aria-label=\"M\u00e9s informaci\u00f3 sobre La Diputaci\u00f3 refor\u00e7a la projecci\u00f3 de la prov\u00edncia de Castell\u00f3 com a escenari literari en la gal\u00b7la Letras del Mediterr\u00e1neo 2025\">Read more<\/a><\/p>\n","protected":false},"author":2,"featured_media":18517,"comment_status":"closed","ping_status":"closed","sticky":false,"template":"","format":"standard","meta":{"om_disable_all_campaigns":false,"_monsterinsights_skip_tracking":false,"_monsterinsights_sitenote_active":false,"_monsterinsights_sitenote_note":"","_monsterinsights_sitenote_category":0,"_uf_show_specific_survey":0,"_uf_disable_surveys":false,"footnotes":""},"categories":[10],"tags":[],"class_list":["post-18516","post","type-post","status-publish","format-standard","has-post-thumbnail","hentry","category-provinciadecastello"],"_links":{"self":[{"href":"https:\/\/elcafedepipa.com\/index.php\/wp-json\/wp\/v2\/posts\/18516","targetHints":{"allow":["GET"]}}],"collection":[{"href":"https:\/\/elcafedepipa.com\/index.php\/wp-json\/wp\/v2\/posts"}],"about":[{"href":"https:\/\/elcafedepipa.com\/index.php\/wp-json\/wp\/v2\/types\/post"}],"author":[{"embeddable":true,"href":"https:\/\/elcafedepipa.com\/index.php\/wp-json\/wp\/v2\/users\/2"}],"replies":[{"embeddable":true,"href":"https:\/\/elcafedepipa.com\/index.php\/wp-json\/wp\/v2\/comments?post=18516"}],"version-history":[{"count":1,"href":"https:\/\/elcafedepipa.com\/index.php\/wp-json\/wp\/v2\/posts\/18516\/revisions"}],"predecessor-version":[{"id":18518,"href":"https:\/\/elcafedepipa.com\/index.php\/wp-json\/wp\/v2\/posts\/18516\/revisions\/18518"}],"wp:featuredmedia":[{"embeddable":true,"href":"https:\/\/elcafedepipa.com\/index.php\/wp-json\/wp\/v2\/media\/18517"}],"wp:attachment":[{"href":"https:\/\/elcafedepipa.com\/index.php\/wp-json\/wp\/v2\/media?parent=18516"}],"wp:term":[{"taxonomy":"category","embeddable":true,"href":"https:\/\/elcafedepipa.com\/index.php\/wp-json\/wp\/v2\/categories?post=18516"},{"taxonomy":"post_tag","embeddable":true,"href":"https:\/\/elcafedepipa.com\/index.php\/wp-json\/wp\/v2\/tags?post=18516"}],"curies":[{"name":"wp","href":"https:\/\/api.w.org\/{rel}","templated":true}]}}