{"id":18509,"date":"2025-10-30T16:08:19","date_gmt":"2025-10-30T15:08:19","guid":{"rendered":"https:\/\/elcafedepipa.com\/?p=18509"},"modified":"2025-10-30T16:08:20","modified_gmt":"2025-10-30T15:08:20","slug":"lajuntament-de-la-vall-duixo-compensa-amb-fons-propis-la-falta-dajudes-de-la-generalitat-a-les-biblioteques","status":"publish","type":"post","link":"https:\/\/elcafedepipa.com\/index.php\/2025\/10\/30\/lajuntament-de-la-vall-duixo-compensa-amb-fons-propis-la-falta-dajudes-de-la-generalitat-a-les-biblioteques\/","title":{"rendered":"L\u2019Ajuntament de la Vall d\u2019Uix\u00f3 compensa amb fons propis la falta d\u2019ajudes de la Generalitat a les biblioteques"},"content":{"rendered":"\n<p>L\u2019Ajuntament de la <strong>Vall d\u2019Uix\u00f3<\/strong> ha destinat enguany <strong>102.270 euros<\/strong> a la millora integral de la <strong>Biblioteca Municipal<\/strong>, amb l\u2019objectiu de \u201ccontinuar potenciant aquest espai cultural com a punt de trobada, aprenentatge i conviv\u00e8ncia per a totes les edats\u201d, segons ha explicat el regidor de Cultura, <strong>Jorge Marqu\u00e9s<\/strong>.<\/p>\n\n\n\n<p>D\u2019aquesta inversi\u00f3, <strong>22.657 euros<\/strong> s\u2019han destinat a l\u2019adquisici\u00f3 de llibres, incorporant novetats infantils, juvenils i d\u2019adults tant per a la biblioteca central com per a les ag\u00e8ncies de lectura dels barris. A m\u00e9s, <strong>33.127 euros<\/strong> s\u2019han invertit en activitats d\u2019animaci\u00f3 i dinamitzaci\u00f3 lectora, com ara <strong>contacontes, fira del llibre, clubs de lectura, llegendes per a escolars, Pla \u00c0gora, actes del 775 aniversari de la Carta Pobla, laboratori lector i activitats de promoci\u00f3 ling\u00fc\u00edstica<\/strong>.<\/p>\n\n\n\n<p>Aix\u00ed mateix, <strong>29.976 euros<\/strong> s\u2019han destinat a mobiliari, equipament i millores de manteniment. En concret, s\u2019ha renovat el mobiliari de la sala infantil, que tamb\u00e9 s\u2019ha pintat juntament amb l\u2019acc\u00e9s, l\u2019escala i les portes; s\u2019han instal\u00b7lat <strong>tres nous equips d\u2019aire condicionat<\/strong> i s\u2019ha reparat el sostre de la sala infantil.<\/p>\n\n\n\n<p>El regidor de Cultura ha destacat que \u201cl\u2019edifici t\u00e9 m\u00e9s de 40 anys i \u00e9s necessari modernitzar-lo progressivament per continuar oferint un servei p\u00fablic de qualitat\u201d. En la sala infantil, per exemple, s\u2019ha potenciat el <strong>rac\u00f3 de bebeteca<\/strong> i s\u2019ha renovat la zona de <strong>primers lectors<\/strong> amb noves prestatgeries dobles que permeten m\u00e9s capacitat i taules i cadires m\u00e9s funcionals, que es poden apilar f\u00e0cilment quan s\u2019organitzen activitats.<\/p>\n\n\n\n<p>Marqu\u00e9s ha fet un <strong>balan\u00e7 molt positiu<\/strong> de l\u2019any, destacant que \u201cla biblioteca \u00e9s un lloc de trobada per a les fam\u00edlies, on compartir aprenentatge, on molts xiquets i xiquetes es reuneixen despr\u00e9s de l\u2019escola per llegir, gaudir i aprendre\u201d.<\/p>\n\n\n\n<p>El regidor tamb\u00e9 ha lamentat que, <strong>des de l\u2019arribada del PP al govern de la Generalitat Valenciana<\/strong>, les ajudes auton\u00f2miques a biblioteques s\u2019han <strong>redu\u00eft a zero euros<\/strong>, mentre que amb el Govern del Bot\u00e0nic \u201creb\u00edem subvencions anuals que ajudaven a l\u2019adquisici\u00f3 de llibres i equipament\u201d.<\/p>\n\n\n\n<p>Davant aquesta situaci\u00f3, ha remarcat que \u201c<strong>no ens conformem<\/strong> i, amb diners de l\u2019Ajuntament, hem duplicat o triplicat la inversi\u00f3 per a compensar aquest retall auton\u00f2mic i garantir que no afecte els ve\u00efns i ve\u00efnes que utilitzen la biblioteca, perqu\u00e8 <strong>creiem en aquest espai cultural que vertebra el municipi i promou la igualtat d\u2019oportunitats<\/strong>\u201d.<\/p>\n\n\n\n<p>Finalment, Marqu\u00e9s ha anunciat la <strong>signatura d\u2019un conveni de col\u00b7laboraci\u00f3 amb l\u2019Acad\u00e8mia Valenciana de la Llengua<\/strong>, sense cap cost per a l\u2019Ajuntament, que permetr\u00e0 treballar conjuntament per a \u201c<strong>posar la nostra llengua al lloc que mereix<\/strong>\u201d, impulsant la seua promoci\u00f3 i divulgaci\u00f3 cultural.<\/p>\n\n\n\n<p><\/p>\n","protected":false},"excerpt":{"rendered":"<p>L\u2019Ajuntament de la Vall d\u2019Uix\u00f3 ha destinat enguany 102.270 euros a la millora integral de la Biblioteca Municipal, amb l\u2019objectiu de \u201ccontinuar potenciant aquest espai cultural com a punt de trobada, aprenentatge i conviv\u00e8ncia per a totes les edats\u201d, segons ha explicat el regidor de Cultura, Jorge Marqu\u00e9s. D\u2019aquesta inversi\u00f3, 22.657 euros s\u2019han destinat a &#8230; <a title=\"L\u2019Ajuntament de la Vall d\u2019Uix\u00f3 compensa amb fons propis la falta d\u2019ajudes de la Generalitat a les biblioteques\" class=\"read-more\" href=\"https:\/\/elcafedepipa.com\/index.php\/2025\/10\/30\/lajuntament-de-la-vall-duixo-compensa-amb-fons-propis-la-falta-dajudes-de-la-generalitat-a-les-biblioteques\/\" aria-label=\"M\u00e9s informaci\u00f3 sobre L\u2019Ajuntament de la Vall d\u2019Uix\u00f3 compensa amb fons propis la falta d\u2019ajudes de la Generalitat a les biblioteques\">Read more<\/a><\/p>\n","protected":false},"author":2,"featured_media":18510,"comment_status":"closed","ping_status":"closed","sticky":false,"template":"","format":"standard","meta":{"om_disable_all_campaigns":false,"_monsterinsights_skip_tracking":false,"_monsterinsights_sitenote_active":false,"_monsterinsights_sitenote_note":"","_monsterinsights_sitenote_category":0,"_uf_show_specific_survey":0,"_uf_disable_surveys":false,"footnotes":""},"categories":[2],"tags":[],"class_list":["post-18509","post","type-post","status-publish","format-standard","has-post-thumbnail","hentry","category-lavallduixo"],"_links":{"self":[{"href":"https:\/\/elcafedepipa.com\/index.php\/wp-json\/wp\/v2\/posts\/18509","targetHints":{"allow":["GET"]}}],"collection":[{"href":"https:\/\/elcafedepipa.com\/index.php\/wp-json\/wp\/v2\/posts"}],"about":[{"href":"https:\/\/elcafedepipa.com\/index.php\/wp-json\/wp\/v2\/types\/post"}],"author":[{"embeddable":true,"href":"https:\/\/elcafedepipa.com\/index.php\/wp-json\/wp\/v2\/users\/2"}],"replies":[{"embeddable":true,"href":"https:\/\/elcafedepipa.com\/index.php\/wp-json\/wp\/v2\/comments?post=18509"}],"version-history":[{"count":1,"href":"https:\/\/elcafedepipa.com\/index.php\/wp-json\/wp\/v2\/posts\/18509\/revisions"}],"predecessor-version":[{"id":18511,"href":"https:\/\/elcafedepipa.com\/index.php\/wp-json\/wp\/v2\/posts\/18509\/revisions\/18511"}],"wp:featuredmedia":[{"embeddable":true,"href":"https:\/\/elcafedepipa.com\/index.php\/wp-json\/wp\/v2\/media\/18510"}],"wp:attachment":[{"href":"https:\/\/elcafedepipa.com\/index.php\/wp-json\/wp\/v2\/media?parent=18509"}],"wp:term":[{"taxonomy":"category","embeddable":true,"href":"https:\/\/elcafedepipa.com\/index.php\/wp-json\/wp\/v2\/categories?post=18509"},{"taxonomy":"post_tag","embeddable":true,"href":"https:\/\/elcafedepipa.com\/index.php\/wp-json\/wp\/v2\/tags?post=18509"}],"curies":[{"name":"wp","href":"https:\/\/api.w.org\/{rel}","templated":true}]}}