{"id":18501,"date":"2025-10-30T14:20:04","date_gmt":"2025-10-30T13:20:04","guid":{"rendered":"https:\/\/elcafedepipa.com\/?p=18501"},"modified":"2025-10-30T14:20:05","modified_gmt":"2025-10-30T13:20:05","slug":"nules-estrena-una-font-publica-que-ofereix-aigua-de-qualitat-refrigerada-i-gratuita-al-centre-del-municipi","status":"publish","type":"post","link":"https:\/\/elcafedepipa.com\/index.php\/2025\/10\/30\/nules-estrena-una-font-publica-que-ofereix-aigua-de-qualitat-refrigerada-i-gratuita-al-centre-del-municipi\/","title":{"rendered":"Nules estrena una font p\u00fablica que ofereix aigua de qualitat, refrigerada i gratu\u00efta al centre del municipi"},"content":{"rendered":"\n<p>El ve\u00efnat de Nules contar\u00e0, a partir de la pr\u00f2xima setmana, amb un nou punt d\u2019acc\u00e9s gratu\u00eft a aigua de qualitat al centre del municipi. L\u2019Ajuntament de Nules ha instal\u00b7lat una font p\u00fablica refrigerada i filtrada a la pla\u00e7a Major, que posa a l\u2019abast de tota la ciutadania aigua fresca les 24 hores del dia.<\/p>\n\n\n\n<p>Adri\u00e1n Sorribes, regidor del Cicle Integral de l\u2019Aigua, ha estat l\u2019encarregat de presentar la nova font, acompanyat per Raquel Gin\u00e9s, subdirectora de Gesti\u00f3 d\u2019Abonats i Millora Cont\u00ednua de Facsa, i Desiderio Rom\u00e1n, cap de servei de Nules.<\/p>\n\n\n\n<p>La instal\u00b7laci\u00f3 est\u00e0 equipada amb sistemes de filtraci\u00f3 i refrigeraci\u00f3, a m\u00e9s d\u2019un sistema autom\u00e0tic de desinfecci\u00f3 amb oz\u00f3 per assegurar la m\u00e0xima higiene. Compta amb un cabal de dos litres per minut, que permet omplir f\u00e0cilment ampolles o gots reutilitzables, fomentant un consum responsable i sostenible.<\/p>\n\n\n\n<p>\u201cAquesta font representa un pas m\u00e9s en la nostra aposta per oferir a la ciutadania un servei d\u2019aigua de qualitat, segura i sostenible, alhora que promovem l\u2019\u00fas de l\u2019aigua d\u2019aixeta com una alternativa responsable i respectuosa amb el medi ambiente\u201d, ha detallat el regidor.<\/p>\n\n\n\n<p>Aquesta acci\u00f3 se suma a altres iniciativas que l\u2019equip de govern de Nules ha impulsat juntament amb Facsa en els darrers anys per a avan\u00e7ar en l\u2019efici\u00e8ncia del servei i promoure una aut\u00e8ntica cultura de l\u2019aigua entre la poblaci\u00f3.<\/p>\n\n\n\n<p>Entre elles destaquen la posada en marxa del portal digital que permet consultar en temps real la qualitat de l\u2019aigua; la inauguraci\u00f3 d\u2019un nou magatzem log\u00edstic per optimitzar l\u2019operativa del servei; la campanya \u2018Mejor del grifo\u2019 per a fomentar el consum d\u2019aigua d\u2019aixeta al sector hostaler; o la jornada divulgativa dirigida al p\u00fablic infantil que es va desenvolupar a la pla\u00e7a Major de la localitat.<\/p>\n\n\n\n<p>Totes reflecteixen una col\u00b7laboraci\u00f3 cont\u00ednua i orientada a enfortir la qualitat del servei, impulsar la transpar\u00e8ncia i consolidar el municipi com un referent en sostenibilitat i gesti\u00f3 responsable de l\u2019aigua.<\/p>\n","protected":false},"excerpt":{"rendered":"<p>El ve\u00efnat de Nules contar\u00e0, a partir de la pr\u00f2xima setmana, amb un nou punt d\u2019acc\u00e9s gratu\u00eft a aigua de qualitat al centre del municipi. L\u2019Ajuntament de Nules ha instal\u00b7lat una font p\u00fablica refrigerada i filtrada a la pla\u00e7a Major, que posa a l\u2019abast de tota la ciutadania aigua fresca les 24 hores del dia. &#8230; <a title=\"Nules estrena una font p\u00fablica que ofereix aigua de qualitat, refrigerada i gratu\u00efta al centre del municipi\" class=\"read-more\" href=\"https:\/\/elcafedepipa.com\/index.php\/2025\/10\/30\/nules-estrena-una-font-publica-que-ofereix-aigua-de-qualitat-refrigerada-i-gratuita-al-centre-del-municipi\/\" aria-label=\"M\u00e9s informaci\u00f3 sobre Nules estrena una font p\u00fablica que ofereix aigua de qualitat, refrigerada i gratu\u00efta al centre del municipi\">Read more<\/a><\/p>\n","protected":false},"author":2,"featured_media":18502,"comment_status":"closed","ping_status":"closed","sticky":false,"template":"","format":"standard","meta":{"om_disable_all_campaigns":false,"_monsterinsights_skip_tracking":false,"_monsterinsights_sitenote_active":false,"_monsterinsights_sitenote_note":"","_monsterinsights_sitenote_category":0,"_uf_show_specific_survey":0,"_uf_disable_surveys":false,"footnotes":""},"categories":[34],"tags":[],"class_list":["post-18501","post","type-post","status-publish","format-standard","has-post-thumbnail","hentry","category-podcast"],"_links":{"self":[{"href":"https:\/\/elcafedepipa.com\/index.php\/wp-json\/wp\/v2\/posts\/18501","targetHints":{"allow":["GET"]}}],"collection":[{"href":"https:\/\/elcafedepipa.com\/index.php\/wp-json\/wp\/v2\/posts"}],"about":[{"href":"https:\/\/elcafedepipa.com\/index.php\/wp-json\/wp\/v2\/types\/post"}],"author":[{"embeddable":true,"href":"https:\/\/elcafedepipa.com\/index.php\/wp-json\/wp\/v2\/users\/2"}],"replies":[{"embeddable":true,"href":"https:\/\/elcafedepipa.com\/index.php\/wp-json\/wp\/v2\/comments?post=18501"}],"version-history":[{"count":1,"href":"https:\/\/elcafedepipa.com\/index.php\/wp-json\/wp\/v2\/posts\/18501\/revisions"}],"predecessor-version":[{"id":18503,"href":"https:\/\/elcafedepipa.com\/index.php\/wp-json\/wp\/v2\/posts\/18501\/revisions\/18503"}],"wp:featuredmedia":[{"embeddable":true,"href":"https:\/\/elcafedepipa.com\/index.php\/wp-json\/wp\/v2\/media\/18502"}],"wp:attachment":[{"href":"https:\/\/elcafedepipa.com\/index.php\/wp-json\/wp\/v2\/media?parent=18501"}],"wp:term":[{"taxonomy":"category","embeddable":true,"href":"https:\/\/elcafedepipa.com\/index.php\/wp-json\/wp\/v2\/categories?post=18501"},{"taxonomy":"post_tag","embeddable":true,"href":"https:\/\/elcafedepipa.com\/index.php\/wp-json\/wp\/v2\/tags?post=18501"}],"curies":[{"name":"wp","href":"https:\/\/api.w.org\/{rel}","templated":true}]}}