{"id":18494,"date":"2025-10-30T13:52:16","date_gmt":"2025-10-30T12:52:16","guid":{"rendered":"https:\/\/elcafedepipa.com\/?p=18494"},"modified":"2025-10-30T13:52:17","modified_gmt":"2025-10-30T12:52:17","slug":"begona-cosin-moya-guanya-el-xlvii-concurs-local-de-fotografia-vila-dalmenara","status":"publish","type":"post","link":"https:\/\/elcafedepipa.com\/index.php\/2025\/10\/30\/begona-cosin-moya-guanya-el-xlvii-concurs-local-de-fotografia-vila-dalmenara\/","title":{"rendered":"Bego\u00f1a Cos\u00edn Moya guanya el XLVII Concurs Local de Fotografia \u201cVila d\u2019Almenara\u201d"},"content":{"rendered":"\n<p>Bego\u00f1a Cos\u00edn Moya amb la fotografia \u201cTricolor\u201d s&#8217;ha al\u00e7at amb el primer lloc en el XLVII Concurs Local de Fotografia \u201cVila d\u2019Almenara\u201d organitzat des del Grup Fotogr\u00e0fic d\u2019Almenara (GFAL)) i patrocinat per l&#8217;Ajuntament d&#8217;Almenara a trav\u00e9s de la Regidoria de Cultura. La vencedora s&#8217;emporta un premi de 250 euros.<\/p>\n\n\n\n<p>La segona pla\u00e7a, dotada amb 100 euros, ha correspost a la instant\u00e0nia \u201cEl perfil de Almenara\u201d d&#8217;Isabel Ahijado L\u00f3pez, mentre la tercera, amb 50 euros de premi, ha sigut per a Carlos Mar\u00edn Arnal amb la fotografia \u201cUn paseo al atardecer\u201d. A m\u00e9s el jurat ha decidit atorgar dos acc\u00e8ssits, un primer per a Juan Carlos Bas\u00e9s per la instant\u00e0nia \u201cEl Sol y yo\u201d i un segon per a Pedro D\u00edaz Hermoso per \u201cTraves\u00eda a nado Almenara Casablanca\u201d.<\/p>\n\n\n\n<p>En aquesta edici\u00f3 s&#8217;han presentat un total de 31 fotografies amb tem\u00e0tica local, que \u00e9s requisit indispensable per a participar en el concurs. Les instant\u00e0nies es mostraran en una exposici\u00f3 de la qual pr\u00f2ximament s&#8217;informar\u00e0 de les seues dates i lloc de celebraci\u00f3.<\/p>\n","protected":false},"excerpt":{"rendered":"<p>Bego\u00f1a Cos\u00edn Moya amb la fotografia \u201cTricolor\u201d s&#8217;ha al\u00e7at amb el primer lloc en el XLVII Concurs Local de Fotografia \u201cVila d\u2019Almenara\u201d organitzat des del Grup Fotogr\u00e0fic d\u2019Almenara (GFAL)) i patrocinat per l&#8217;Ajuntament d&#8217;Almenara a trav\u00e9s de la Regidoria de Cultura. La vencedora s&#8217;emporta un premi de 250 euros. La segona pla\u00e7a, dotada amb 100 &#8230; <a title=\"Bego\u00f1a Cos\u00edn Moya guanya el XLVII Concurs Local de Fotografia \u201cVila d\u2019Almenara\u201d\" class=\"read-more\" href=\"https:\/\/elcafedepipa.com\/index.php\/2025\/10\/30\/begona-cosin-moya-guanya-el-xlvii-concurs-local-de-fotografia-vila-dalmenara\/\" aria-label=\"M\u00e9s informaci\u00f3 sobre Bego\u00f1a Cos\u00edn Moya guanya el XLVII Concurs Local de Fotografia \u201cVila d\u2019Almenara\u201d\">Read more<\/a><\/p>\n","protected":false},"author":2,"featured_media":18495,"comment_status":"closed","ping_status":"closed","sticky":false,"template":"","format":"standard","meta":{"om_disable_all_campaigns":false,"_monsterinsights_skip_tracking":false,"_monsterinsights_sitenote_active":false,"_monsterinsights_sitenote_note":"","_monsterinsights_sitenote_category":0,"_uf_show_specific_survey":0,"_uf_disable_surveys":false,"footnotes":""},"categories":[5],"tags":[],"class_list":["post-18494","post","type-post","status-publish","format-standard","has-post-thumbnail","hentry","category-almenara"],"_links":{"self":[{"href":"https:\/\/elcafedepipa.com\/index.php\/wp-json\/wp\/v2\/posts\/18494","targetHints":{"allow":["GET"]}}],"collection":[{"href":"https:\/\/elcafedepipa.com\/index.php\/wp-json\/wp\/v2\/posts"}],"about":[{"href":"https:\/\/elcafedepipa.com\/index.php\/wp-json\/wp\/v2\/types\/post"}],"author":[{"embeddable":true,"href":"https:\/\/elcafedepipa.com\/index.php\/wp-json\/wp\/v2\/users\/2"}],"replies":[{"embeddable":true,"href":"https:\/\/elcafedepipa.com\/index.php\/wp-json\/wp\/v2\/comments?post=18494"}],"version-history":[{"count":1,"href":"https:\/\/elcafedepipa.com\/index.php\/wp-json\/wp\/v2\/posts\/18494\/revisions"}],"predecessor-version":[{"id":18496,"href":"https:\/\/elcafedepipa.com\/index.php\/wp-json\/wp\/v2\/posts\/18494\/revisions\/18496"}],"wp:featuredmedia":[{"embeddable":true,"href":"https:\/\/elcafedepipa.com\/index.php\/wp-json\/wp\/v2\/media\/18495"}],"wp:attachment":[{"href":"https:\/\/elcafedepipa.com\/index.php\/wp-json\/wp\/v2\/media?parent=18494"}],"wp:term":[{"taxonomy":"category","embeddable":true,"href":"https:\/\/elcafedepipa.com\/index.php\/wp-json\/wp\/v2\/categories?post=18494"},{"taxonomy":"post_tag","embeddable":true,"href":"https:\/\/elcafedepipa.com\/index.php\/wp-json\/wp\/v2\/tags?post=18494"}],"curies":[{"name":"wp","href":"https:\/\/api.w.org\/{rel}","templated":true}]}}