{"id":18490,"date":"2025-10-30T10:29:57","date_gmt":"2025-10-30T09:29:57","guid":{"rendered":"https:\/\/elcafedepipa.com\/?p=18490"},"modified":"2025-10-30T10:29:59","modified_gmt":"2025-10-30T09:29:59","slug":"el-seprona-ha-investigat-una-persona-per-abandonar-un-cadell-malalt-a-borriana","status":"publish","type":"post","link":"https:\/\/elcafedepipa.com\/index.php\/2025\/10\/30\/el-seprona-ha-investigat-una-persona-per-abandonar-un-cadell-malalt-a-borriana\/","title":{"rendered":"El SEPRONA ha investigat una persona per abandonar un cadell malalt a Borriana"},"content":{"rendered":"\n<p>La Gu\u00e0rdia Civil ha investigat un home com a presumpte autor d\u2019un delicte d\u2019aband\u00f3 d\u2019animal dom\u00e8stic per haver deixat a la seua sort un cadell greument malalt a les immediacions de la carretera CV-18, al terme municipal de Borriana.<\/p>\n\n\n\n<p>Els fets es remunten al passat 28 d\u2019abril de 2025, quan una ve\u00efna de la localitat, mentre passejava per un cam\u00ed, va trobar l\u2019animal i el va traslladar a una cl\u00ednica veterin\u00e0ria.<\/p>\n\n\n\n<p>La facultativa que el va rebre va recon\u00e9ixer sense cap mena de dubte el gos que poques hores abans havia estat en la consulta amb el seu propietari.<\/p>\n\n\n\n<p>Pel que sembla, es tractava d\u2019un cadell de ra\u00e7a mast\u00ed espanyol que presentava s\u00edmptomes evidents de malaltia respirat\u00f2ria i diarrea persistent.<\/p>\n\n\n\n<p>La professional li va indicar al propietari la necessitat urgent de traslladar el gos a un hospital veterinari per a realitzar-li proves i aplicar-li un tractament adequat, advertint-lo que la seua vida corria perill si no s\u2019actuava immediatament. No obstant aix\u00f2, el responsable es va negar a assumir el trasllat i el cost del tractament.<\/p>\n\n\n\n<p>Poques hores despr\u00e9s, una ciutadana que passejava per un cam\u00ed de Borriana va trobar el cadell tot sol, en una zona d\u2019alt risc d\u2019atropellament i pr\u00f2xima a una s\u00e9quia de gran cabal on f\u00e0cilment podria haver caigut. Els gu\u00e0rdies civils del SEPRONA van iniciar de seguida una investigaci\u00f3 que va permetre identificar el presumpte responsable despr\u00e9s de reunir les proves necess\u00e0ries, en qu\u00e8 va ser determinant la declaraci\u00f3 dels testimonis.<\/p>\n\n\n\n<p>Els informes cl\u00ednics obtinguts van determinar que l\u2019animal patia disnea severa, caqu\u00e8xia i diarrea de llarga evoluci\u00f3, patologies compatibles amb moquill can\u00ed avan\u00e7at, confirmant-se que la seua vida es trobava en greu perill en el moment de l\u2019aband\u00f3.<\/p>\n\n\n\n<p>L\u2019animal va poder rebre assist\u00e8ncia veterin\u00e0ria i sobreviure sota la cura de la persona que el va rescatar, la qual va assumir el tractament i les despeses m\u00e8diques derivades.<\/p>\n\n\n\n<h3 class=\"wp-block-heading\"><strong>Conscienciaci\u00f3 i responsabilitat<\/strong><\/h3>\n\n\n\n<p>La Gu\u00e0rdia Civil recorda que l\u2019aband\u00f3 d\u2019animals dom\u00e8stics \u00e9s un delicte tipificat en el Codi Penal, castigat amb penes de pres\u00f3 i d\u2019inhabilitaci\u00f3 especial per a la tinen\u00e7a d\u2019animals.<\/p>\n\n\n\n<p>A m\u00e9s, es recalca la import\u00e0ncia d\u2019actuar amb responsabilitat a l\u2019hora d\u2019adoptar o adquirir un animal de companyia. Abans de fer-ho, \u00e9s fonamental valorar el comprom\u00eds, el temps, les cures i les possibles despeses veterin\u00e0ries que poden sorgir.<\/p>\n\n\n\n<p>Un animal no \u00e9s un objecte ni una joguina: requereix atenci\u00f3, afecte i cures constants durant tota la seua vida.<\/p>\n","protected":false},"excerpt":{"rendered":"<p>La Gu\u00e0rdia Civil ha investigat un home com a presumpte autor d\u2019un delicte d\u2019aband\u00f3 d\u2019animal dom\u00e8stic per haver deixat a la seua sort un cadell greument malalt a les immediacions de la carretera CV-18, al terme municipal de Borriana. Els fets es remunten al passat 28 d\u2019abril de 2025, quan una ve\u00efna de la localitat, &#8230; <a title=\"El SEPRONA ha investigat una persona per abandonar un cadell malalt a Borriana\" class=\"read-more\" href=\"https:\/\/elcafedepipa.com\/index.php\/2025\/10\/30\/el-seprona-ha-investigat-una-persona-per-abandonar-un-cadell-malalt-a-borriana\/\" aria-label=\"M\u00e9s informaci\u00f3 sobre El SEPRONA ha investigat una persona per abandonar un cadell malalt a Borriana\">Read more<\/a><\/p>\n","protected":false},"author":2,"featured_media":18492,"comment_status":"closed","ping_status":"closed","sticky":false,"template":"","format":"standard","meta":{"om_disable_all_campaigns":false,"_monsterinsights_skip_tracking":false,"_monsterinsights_sitenote_active":false,"_monsterinsights_sitenote_note":"","_monsterinsights_sitenote_category":0,"_uf_show_specific_survey":0,"_uf_disable_surveys":false,"footnotes":""},"categories":[10],"tags":[],"class_list":["post-18490","post","type-post","status-publish","format-standard","has-post-thumbnail","hentry","category-provinciadecastello"],"_links":{"self":[{"href":"https:\/\/elcafedepipa.com\/index.php\/wp-json\/wp\/v2\/posts\/18490","targetHints":{"allow":["GET"]}}],"collection":[{"href":"https:\/\/elcafedepipa.com\/index.php\/wp-json\/wp\/v2\/posts"}],"about":[{"href":"https:\/\/elcafedepipa.com\/index.php\/wp-json\/wp\/v2\/types\/post"}],"author":[{"embeddable":true,"href":"https:\/\/elcafedepipa.com\/index.php\/wp-json\/wp\/v2\/users\/2"}],"replies":[{"embeddable":true,"href":"https:\/\/elcafedepipa.com\/index.php\/wp-json\/wp\/v2\/comments?post=18490"}],"version-history":[{"count":1,"href":"https:\/\/elcafedepipa.com\/index.php\/wp-json\/wp\/v2\/posts\/18490\/revisions"}],"predecessor-version":[{"id":18493,"href":"https:\/\/elcafedepipa.com\/index.php\/wp-json\/wp\/v2\/posts\/18490\/revisions\/18493"}],"wp:featuredmedia":[{"embeddable":true,"href":"https:\/\/elcafedepipa.com\/index.php\/wp-json\/wp\/v2\/media\/18492"}],"wp:attachment":[{"href":"https:\/\/elcafedepipa.com\/index.php\/wp-json\/wp\/v2\/media?parent=18490"}],"wp:term":[{"taxonomy":"category","embeddable":true,"href":"https:\/\/elcafedepipa.com\/index.php\/wp-json\/wp\/v2\/categories?post=18490"},{"taxonomy":"post_tag","embeddable":true,"href":"https:\/\/elcafedepipa.com\/index.php\/wp-json\/wp\/v2\/tags?post=18490"}],"curies":[{"name":"wp","href":"https:\/\/api.w.org\/{rel}","templated":true}]}}