{"id":18487,"date":"2025-10-30T10:05:01","date_gmt":"2025-10-30T09:05:01","guid":{"rendered":"https:\/\/elcafedepipa.com\/?p=18487"},"modified":"2025-10-30T10:05:02","modified_gmt":"2025-10-30T09:05:02","slug":"la-guardia-civil-dete-a-onda-un-home-i-una-dona-per-robatori-en-una-vivenda-i-diversos-furts-en-linterior-de-vehicles","status":"publish","type":"post","link":"https:\/\/elcafedepipa.com\/index.php\/2025\/10\/30\/la-guardia-civil-dete-a-onda-un-home-i-una-dona-per-robatori-en-una-vivenda-i-diversos-furts-en-linterior-de-vehicles\/","title":{"rendered":"La Gu\u00e0rdia Civil det\u00e9 a Onda un home i una dona per robatori en una vivenda i diversos furts en l\u2019interior de vehicles"},"content":{"rendered":"\n<p>La <strong>Gu\u00e0rdia Civil d\u2019Onda<\/strong> ha detingut un <strong>home i una dona<\/strong> com a <strong>presumptes autors d\u2019un delicte de robatori amb escalament en una vivenda<\/strong> i de <strong>diversos furts en l\u2019interior de vehicles<\/strong> al mateix municipi.<\/p>\n\n\n\n<p>La investigaci\u00f3 es va iniciar despr\u00e9s de rebre <strong>diverses den\u00fancies per furts en cotxes estacionats<\/strong> en diferents zones d\u2019Onda, a m\u00e9s d\u2019un <strong>robatori amb escalament en una vivenda d\u2019una urbanitzaci\u00f3<\/strong>, on es van sostraure diversos efectes de valor.<\/p>\n\n\n\n<p>Gr\u00e0cies a la <strong>col\u00b7laboraci\u00f3 ciutadana<\/strong> i a nombroses gestions policials, tant <strong>de car\u00e0cter t\u00e8cnic com d\u2019investigaci\u00f3 sobre el terreny<\/strong>, els agents van aconseguir <strong>identificar, localitzar i detindre els presumptes autors<\/strong> dels fets.<\/p>\n\n\n\n<p>Durant l\u2019operaci\u00f3, la Gu\u00e0rdia Civil va <strong>recuperar diversos objectes sostrets<\/strong>, els quals han sigut <strong>lliurats als seus leg\u00edtims propietaris<\/strong>.<\/p>\n\n\n\n<p>Els detinguts, juntament amb les dilig\u00e8ncies instru\u00efdes, van ser <strong>posats a disposici\u00f3 dels Jutjats de Gu\u00e0rdia de Nules<\/strong>. L\u2019actuaci\u00f3 ha sigut duta a terme per efectius del <strong>Puesto Principal de la Gu\u00e0rdia Civil d\u2019Onda<\/strong>.<\/p>\n\n\n\n<p>Des de la Gu\u00e0rdia Civil s\u2019ha recordat que la ciutadania pot <strong>presentar den\u00fancies de manera telem\u00e0tica<\/strong>, sense necessitat d\u2019acudir presencialment a una caserna, per a diversos <strong>procediments penals i administratius<\/strong>, com ara <strong>estafes inform\u00e0tiques, furts, danys, sostracci\u00f3 de vehicles o p\u00e8rdua de documentaci\u00f3<\/strong>.<\/p>\n\n\n\n<p>Les den\u00fancies es poden realitzar a trav\u00e9s de la <strong>Seu Electr\u00f2nica<\/strong> <a href=\"https:\/\/guardiacivil.sede.gob.es\">https:\/\/guardiacivil.sede.gob.es<\/a> o de la p\u00e0gina web <a href=\"https:\/\/www.guardiacivil.es\">www.guardiacivil.es<\/a>.<br>Aix\u00ed mateix, les persones que no disposen de mitjans digitals poden <strong>sol\u00b7licitar cita pr\u00e8via per tel\u00e8fon o de manera presencial<\/strong> al seu <strong>Puesto de refer\u00e8ncia<\/strong>, o b\u00e9 des de l\u2019<strong>aplicaci\u00f3 m\u00f2bil \u201cCita Previa AGE\u201d<\/strong>, disponible per a <strong>Android i iOS<\/strong>.<\/p>\n","protected":false},"excerpt":{"rendered":"<p>La Gu\u00e0rdia Civil d\u2019Onda ha detingut un home i una dona com a presumptes autors d\u2019un delicte de robatori amb escalament en una vivenda i de diversos furts en l\u2019interior de vehicles al mateix municipi. La investigaci\u00f3 es va iniciar despr\u00e9s de rebre diverses den\u00fancies per furts en cotxes estacionats en diferents zones d\u2019Onda, a &#8230; <a title=\"La Gu\u00e0rdia Civil det\u00e9 a Onda un home i una dona per robatori en una vivenda i diversos furts en l\u2019interior de vehicles\" class=\"read-more\" href=\"https:\/\/elcafedepipa.com\/index.php\/2025\/10\/30\/la-guardia-civil-dete-a-onda-un-home-i-una-dona-per-robatori-en-una-vivenda-i-diversos-furts-en-linterior-de-vehicles\/\" aria-label=\"M\u00e9s informaci\u00f3 sobre La Gu\u00e0rdia Civil det\u00e9 a Onda un home i una dona per robatori en una vivenda i diversos furts en l\u2019interior de vehicles\">Read more<\/a><\/p>\n","protected":false},"author":2,"featured_media":18488,"comment_status":"closed","ping_status":"closed","sticky":false,"template":"","format":"standard","meta":{"om_disable_all_campaigns":false,"_monsterinsights_skip_tracking":false,"_monsterinsights_sitenote_active":false,"_monsterinsights_sitenote_note":"","_monsterinsights_sitenote_category":0,"_uf_show_specific_survey":0,"_uf_disable_surveys":false,"footnotes":""},"categories":[10],"tags":[],"class_list":["post-18487","post","type-post","status-publish","format-standard","has-post-thumbnail","hentry","category-provinciadecastello"],"_links":{"self":[{"href":"https:\/\/elcafedepipa.com\/index.php\/wp-json\/wp\/v2\/posts\/18487","targetHints":{"allow":["GET"]}}],"collection":[{"href":"https:\/\/elcafedepipa.com\/index.php\/wp-json\/wp\/v2\/posts"}],"about":[{"href":"https:\/\/elcafedepipa.com\/index.php\/wp-json\/wp\/v2\/types\/post"}],"author":[{"embeddable":true,"href":"https:\/\/elcafedepipa.com\/index.php\/wp-json\/wp\/v2\/users\/2"}],"replies":[{"embeddable":true,"href":"https:\/\/elcafedepipa.com\/index.php\/wp-json\/wp\/v2\/comments?post=18487"}],"version-history":[{"count":1,"href":"https:\/\/elcafedepipa.com\/index.php\/wp-json\/wp\/v2\/posts\/18487\/revisions"}],"predecessor-version":[{"id":18489,"href":"https:\/\/elcafedepipa.com\/index.php\/wp-json\/wp\/v2\/posts\/18487\/revisions\/18489"}],"wp:featuredmedia":[{"embeddable":true,"href":"https:\/\/elcafedepipa.com\/index.php\/wp-json\/wp\/v2\/media\/18488"}],"wp:attachment":[{"href":"https:\/\/elcafedepipa.com\/index.php\/wp-json\/wp\/v2\/media?parent=18487"}],"wp:term":[{"taxonomy":"category","embeddable":true,"href":"https:\/\/elcafedepipa.com\/index.php\/wp-json\/wp\/v2\/categories?post=18487"},{"taxonomy":"post_tag","embeddable":true,"href":"https:\/\/elcafedepipa.com\/index.php\/wp-json\/wp\/v2\/tags?post=18487"}],"curies":[{"name":"wp","href":"https:\/\/api.w.org\/{rel}","templated":true}]}}