{"id":18484,"date":"2025-10-30T09:16:32","date_gmt":"2025-10-30T08:16:32","guid":{"rendered":"https:\/\/elcafedepipa.com\/?p=18484"},"modified":"2025-10-30T09:16:33","modified_gmt":"2025-10-30T08:16:33","slug":"els-bombers-extingeixen-un-incendi-en-un-magatzem-utilitzat-com-a-casal-de-joves-a-benlloch","status":"publish","type":"post","link":"https:\/\/elcafedepipa.com\/index.php\/2025\/10\/30\/els-bombers-extingeixen-un-incendi-en-un-magatzem-utilitzat-com-a-casal-de-joves-a-benlloch\/","title":{"rendered":"Els bombers extingeixen un incendi en un magatzem utilitzat com a casal de joves a Benlloch"},"content":{"rendered":"\n<p>Els efectius del <strong>Parc Plana Alta del Consorci Provincial de Bombers de Castell\u00f3 (@BombersDipcas)<\/strong> van intervindre ahir a la vesprada en un <strong>incendi declarat en un magatzem situat al municipi de Benlloch<\/strong>, que s\u2019utilitzava com a <strong>casal per una colla de joves<\/strong>.<\/p>\n\n\n\n<p>Segons han informat fonts del Consorci, <strong>no es trobava cap persona a l\u2019interior en el moment de l\u2019incendi<\/strong>, per la qual cosa no s\u2019han hagut de lamentar danys personals. Les flames <strong>van afectar \u00fanicament uns sof\u00e0s i part del mobiliari<\/strong> que hi havia al recinte, mentre que la resta de l\u2019espai <strong>no ha patit danys estructurals greus<\/strong>.<\/p>\n\n\n\n<p>Els bombers del parc Plana Alta <strong>van actuar amb rapidesa<\/strong>, aconseguint controlar i extingir el foc en pocs minuts, evitant aix\u00ed que es propagara a altres zones del magatzem o a edificis pr\u00f2xims.<\/p>\n\n\n\n<p>Una vegada extingit l\u2019incendi, <strong>els efectius van procedir a ventilar el local i a revisar l\u2019interior<\/strong> per assegurar-se que no hi haguera punts calents que pogueren reactivar el foc. Tamb\u00e9 <strong>es va donar av\u00eds a la Gu\u00e0rdia Civil<\/strong> per tal de determinar les causes exactes de l\u2019incendi, que <strong>es troben encara en investigaci\u00f3<\/strong>.<\/p>\n\n\n\n<p>El servei va quedar <strong>totalment finalitzat sense incidents addicionals<\/strong>, i des del Consorci s\u2019ha destacat la <strong>r\u00e0pida resposta i coordinaci\u00f3 dels bombers<\/strong>, que va permetre <strong>minimitzar els danys materials<\/strong> i garantir la seguretat de la zona.<\/p>\n","protected":false},"excerpt":{"rendered":"<p>Els efectius del Parc Plana Alta del Consorci Provincial de Bombers de Castell\u00f3 (@BombersDipcas) van intervindre ahir a la vesprada en un incendi declarat en un magatzem situat al municipi de Benlloch, que s\u2019utilitzava com a casal per una colla de joves. Segons han informat fonts del Consorci, no es trobava cap persona a l\u2019interior &#8230; <a title=\"Els bombers extingeixen un incendi en un magatzem utilitzat com a casal de joves a Benlloch\" class=\"read-more\" href=\"https:\/\/elcafedepipa.com\/index.php\/2025\/10\/30\/els-bombers-extingeixen-un-incendi-en-un-magatzem-utilitzat-com-a-casal-de-joves-a-benlloch\/\" aria-label=\"M\u00e9s informaci\u00f3 sobre Els bombers extingeixen un incendi en un magatzem utilitzat com a casal de joves a Benlloch\">Read more<\/a><\/p>\n","protected":false},"author":2,"featured_media":18485,"comment_status":"closed","ping_status":"closed","sticky":false,"template":"","format":"standard","meta":{"om_disable_all_campaigns":false,"_monsterinsights_skip_tracking":false,"_monsterinsights_sitenote_active":false,"_monsterinsights_sitenote_note":"","_monsterinsights_sitenote_category":0,"_uf_show_specific_survey":0,"_uf_disable_surveys":false,"footnotes":""},"categories":[11],"tags":[],"class_list":["post-18484","post","type-post","status-publish","format-standard","has-post-thumbnail","hentry","category-comunitatvalenciana"],"_links":{"self":[{"href":"https:\/\/elcafedepipa.com\/index.php\/wp-json\/wp\/v2\/posts\/18484","targetHints":{"allow":["GET"]}}],"collection":[{"href":"https:\/\/elcafedepipa.com\/index.php\/wp-json\/wp\/v2\/posts"}],"about":[{"href":"https:\/\/elcafedepipa.com\/index.php\/wp-json\/wp\/v2\/types\/post"}],"author":[{"embeddable":true,"href":"https:\/\/elcafedepipa.com\/index.php\/wp-json\/wp\/v2\/users\/2"}],"replies":[{"embeddable":true,"href":"https:\/\/elcafedepipa.com\/index.php\/wp-json\/wp\/v2\/comments?post=18484"}],"version-history":[{"count":1,"href":"https:\/\/elcafedepipa.com\/index.php\/wp-json\/wp\/v2\/posts\/18484\/revisions"}],"predecessor-version":[{"id":18486,"href":"https:\/\/elcafedepipa.com\/index.php\/wp-json\/wp\/v2\/posts\/18484\/revisions\/18486"}],"wp:featuredmedia":[{"embeddable":true,"href":"https:\/\/elcafedepipa.com\/index.php\/wp-json\/wp\/v2\/media\/18485"}],"wp:attachment":[{"href":"https:\/\/elcafedepipa.com\/index.php\/wp-json\/wp\/v2\/media?parent=18484"}],"wp:term":[{"taxonomy":"category","embeddable":true,"href":"https:\/\/elcafedepipa.com\/index.php\/wp-json\/wp\/v2\/categories?post=18484"},{"taxonomy":"post_tag","embeddable":true,"href":"https:\/\/elcafedepipa.com\/index.php\/wp-json\/wp\/v2\/tags?post=18484"}],"curies":[{"name":"wp","href":"https:\/\/api.w.org\/{rel}","templated":true}]}}